{"id":6109,"date":"2023-04-26T08:12:52","date_gmt":"2023-04-26T08:12:52","guid":{"rendered":"https:\/\/turm-lahnstein.de\/?p=6109"},"modified":"2023-04-26T08:12:52","modified_gmt":"2023-04-26T08:12:52","slug":"pressebericht-als-aufsteiger-dritter-der-rheinland-liga","status":"publish","type":"post","link":"https:\/\/turm-lahnstein.de\/?p=6109","title":{"rendered":"Pressebericht: Als Aufsteiger Dritter der Rheinland-Liga"},"content":{"rendered":"\n<figure class=\"wp-block-image size-full\"><img loading=\"lazy\" decoding=\"async\" width=\"254\" height=\"248\" src=\"https:\/\/turm-lahnstein.de\/wp-content\/uploads\/2012\/09\/friedhelm_col.jpg\" alt=\"\" class=\"wp-image-68\"\/><\/figure>\n\n\n\n<p>In vielen F\u00e4llen ist das oberste Gebot eines Aufsteigers, sich in der h\u00f6heren Klasse zurecht zu finden und den Klassenerhalt zu sichern. Die zweite Mannschaft des Schachvereins Turm Lahnstein deutete im Spieljahr 2022\/23 allerdings schon fr\u00fch an, dass sie sich in der Rheinland-Liga nicht verstecken musste. Nur gegen den Meister SK Altenkirchen und den sp\u00e4teren Zweitplatzierten SK Rheinbreitbach gingen die Mannschaftsk\u00e4mpfe verloren. In den \u00fcbrigen Spielen agierten die Schachspieler vom Rhein-Lahn-Eck meistens vom Gef\u00fchl der St\u00e4rke aus. Am Ende des Spieljahres steht mit 13 : 5 Punkten ein sehr guter dritter Platz unter den zehn Mannschaften.<\/p>\n\n\n\n<!--more-->\n\n\n\n<p>Als eifrigste Punktesammler zeichneten sich Mannschaftsf\u00fchrer Joshua Lenz mit sechs Punkten aus sieben Partien, Fabian Mader mit sechs aus neun und Michael Linke mit 5,5 aus 8 aus. Lenz und Linke wurden damit an ihrem Brett jeweils Brettmeister. Fabian Mader erzielte sein tolles Ergebnis am ersten Brett und war der einzige Lahnsteiner, der alle neun Partien bestritt.<\/p>\n","protected":false},"excerpt":{"rendered":"<p>In vielen F\u00e4llen ist das oberste Gebot eines Aufsteigers, sich in der h\u00f6heren Klasse zurecht zu finden und den Klassenerhalt zu sichern. Die zweite Mannschaft des Schachvereins Turm Lahnstein deutete [&hellip;]<\/p>\n","protected":false},"author":4,"featured_media":0,"comment_status":"open","ping_status":"open","sticky":false,"template":"","format":"standard","meta":{"footnotes":""},"categories":[1],"tags":[],"_links":{"self":[{"href":"https:\/\/turm-lahnstein.de\/index.php?rest_route=\/wp\/v2\/posts\/6109"}],"collection":[{"href":"https:\/\/turm-lahnstein.de\/index.php?rest_route=\/wp\/v2\/posts"}],"about":[{"href":"https:\/\/turm-lahnstein.de\/index.php?rest_route=\/wp\/v2\/types\/post"}],"author":[{"embeddable":true,"href":"https:\/\/turm-lahnstein.de\/index.php?rest_route=\/wp\/v2\/users\/4"}],"replies":[{"embeddable":true,"href":"https:\/\/turm-lahnstein.de\/index.php?rest_route=%2Fwp%2Fv2%2Fcomments&post=6109"}],"version-history":[{"count":1,"href":"https:\/\/turm-lahnstein.de\/index.php?rest_route=\/wp\/v2\/posts\/6109\/revisions"}],"predecessor-version":[{"id":6110,"href":"https:\/\/turm-lahnstein.de\/index.php?rest_route=\/wp\/v2\/posts\/6109\/revisions\/6110"}],"wp:attachment":[{"href":"https:\/\/turm-lahnstein.de\/index.php?rest_route=%2Fwp%2Fv2%2Fmedia&parent=6109"}],"wp:term":[{"taxonomy":"category","embeddable":true,"href":"https:\/\/turm-lahnstein.de\/index.php?rest_route=%2Fwp%2Fv2%2Fcategories&post=6109"},{"taxonomy":"post_tag","embeddable":true,"href":"https:\/\/turm-lahnstein.de\/index.php?rest_route=%2Fwp%2Fv2%2Ftags&post=6109"}],"curies":[{"name":"wp","href":"https:\/\/api.w.org\/{rel}","templated":true}]}}