{"id":6085,"date":"2023-04-16T19:19:09","date_gmt":"2023-04-16T19:19:09","guid":{"rendered":"https:\/\/turm-lahnstein.de\/?p=6085"},"modified":"2023-04-16T19:19:09","modified_gmt":"2023-04-16T19:19:09","slug":"45-vereinsmeisterschaft-2023","status":"publish","type":"post","link":"https:\/\/turm-lahnstein.de\/?p=6085","title":{"rendered":"45. Vereinsmeisterschaft 2023"},"content":{"rendered":"\n<p>Bericht von Turnierleiter Michael Sefeloge<\/p>\n\n\n\n<p>7. Runde<\/p>\n\n\n\n<figure class=\"wp-block-table\"><table><tbody><tr><td>Joshua Lenz<\/td><td>1:0<\/td><td>Jakub Rezakovic<\/td><\/tr><tr><td>Fabian Mader<\/td><td>1:0<\/td><td>Peter Schreieck<\/td><\/tr><tr><td>Werner Sonnhoff<\/td><td>1:0<\/td><td>Michael Sefeloge<\/td><\/tr><tr><td>Stephan Meuer<\/td><td>0:1<\/td><td>Friedhelm Schneider<\/td><\/tr><tr><td>Martin Schmidt<\/td><td>1:0<\/td><td>Christian Samtleben<\/td><\/tr><tr><td>Leo Ke\u00dfler<\/td><td>1:0<\/td><td>Finn Buchheim<\/td><\/tr><tr><td>Yannik Barz<\/td><td>0:1<\/td><td>Jonathan Lenz<\/td><\/tr><tr><td>Elmar Wiskirchen<\/td><td>+:-<\/td><td>Julius Hoppe<\/td><\/tr><tr><td>Lasse Werling<\/td><td>+:-<\/td><td>Freilos 1 Punkt<\/td><\/tr><\/tbody><\/table><\/figure>\n\n\n\n<!--more-->\n\n\n\n<p><strong>Tabelle nach 7 Runden<\/strong><\/p>\n\n\n\n<figure class=\"wp-block-table\"><table><tbody><tr><td><strong>Rang<\/strong><\/td><td><strong>Name<\/strong><\/td><td><strong>DWZ<\/strong><\/td><td><strong>Punkte<\/strong><\/td><td><strong>BH<\/strong><\/td><td><strong>SB<\/strong><\/td><\/tr><tr><td>&nbsp;<\/td><td>&nbsp;<\/td><td>&nbsp;<\/td><td>&nbsp;<\/td><td>&nbsp;<\/td><td>&nbsp;<\/td><\/tr><tr><td>1<\/td><td>Joshua Lenz<\/td><td>1671<\/td><td>6.5<\/td><td>28.0<\/td><td>25.75<\/td><\/tr><tr><td>2<\/td><td>Fabian Mader<\/td><td>1894<\/td><td>6.0<\/td><td>29.5<\/td><td>23.00<\/td><\/tr><tr><td>3<\/td><td>Werner Sonnhoff<\/td><td>1669<\/td><td>5.0<\/td><td>29.5<\/td><td>18.00<\/td><\/tr><tr><td>4<\/td><td>Friedhelm Schneider<\/td><td>1931<\/td><td>4.5<\/td><td>30.5<\/td><td>15.75<\/td><\/tr><tr><td>5<\/td><td>Martin Schmidt<\/td><td>1170<\/td><td>4.0<\/td><td>29.5<\/td><td>13.00<\/td><\/tr><tr><td>6<\/td><td>Michael Sefeloge<\/td><td>1635<\/td><td>4.0<\/td><td>29.0<\/td><td>12.00<\/td><\/tr><tr><td>7<\/td><td>Jakub Rezakovic<\/td><td>1649<\/td><td>4.0<\/td><td>27.0<\/td><td>12.50<\/td><\/tr><tr><td>8<\/td><td>Lasse Werling<\/td><td>1564<\/td><td>4.0<\/td><td>20.0<\/td><td>7.00<\/td><\/tr><tr><td>9<\/td><td>Peter Schreieck<\/td><td>1787<\/td><td>3.5<\/td><td>22.5<\/td><td>8.00<\/td><\/tr><tr><td>10<\/td><td>Leo Ke\u00dfler<\/td><td>1306<\/td><td>3.5<\/td><td>21.0<\/td><td>7.50<\/td><\/tr><tr><td>11<\/td><td>Stephan Meuer<\/td><td>1254<\/td><td>3.0<\/td><td>24.0<\/td><td>8.25<\/td><\/tr><tr><td>12<\/td><td>Christian Samtleben<\/td><td>1363<\/td><td>3.0<\/td><td>23.0<\/td><td>6.50<\/td><\/tr><tr><td>13<\/td><td>Elmar Wiskirchen<\/td><td>1109<\/td><td>3.0<\/td><td>21.5<\/td><td>5.00<\/td><\/tr><tr><td>14<\/td><td>Jonathan Lenz<\/td><td>1017<\/td><td>3.0<\/td><td>18.0<\/td><td>6.50<\/td><\/tr><tr><td>15<\/td><td>Yannik Barz<\/td><td>890<\/td><td>2.0<\/td><td>20.5<\/td><td>3.00<\/td><\/tr><tr><td>16<\/td><td>Finn Buchheim<\/td><td>1124<\/td><td>2.0<\/td><td>19.5<\/td><td>2.50<\/td><\/tr><tr><td>17<\/td><td>Julius Hoppe<\/td><td>813<\/td><td>1.0<\/td><td>18.5<\/td><td>2.00<\/td><\/tr><\/tbody><\/table><\/figure>\n\n\n\n<p>Wie oben ersichtlich, war dies die 45. Austragung unserer Vereinsmeisterschaft seit 1979. Das sie zum ersten Mal seit drei Jahren wieder von Januar bis April gespielt werden konnte und nicht unterbrochen werden musste, war nat\u00fcrlich ein Gl\u00fccksfall. Hoffen wir alle, dass die Zeit der Pandemie jetzt endg\u00fcltig vorbei ist.<\/p>\n\n\n\n<p>Von der Anzahl der Teilnehmer her gut besetzt wie schon lange nicht mehr, nahmen acht Erwachsene und neun Jugendliche den Kampf um die Punkte auf, darunter erstmals Vier aus der Sch\u00fclergruppe, die sich recht beachtlich aus der Aff\u00e4re zogen<\/p>\n\n\n\n<p>Erstmals Vereinsmeister wurde Joshua Lenz, der nur einen halben Punkt abgab und ansonsten seinen Gegnern souver\u00e4n Punkt-f\u00fcr-Punkt abnahm. Dazu kommen noch (gesch\u00e4tzt)&nbsp; mehr als 100-DWZ-Punkte hinzu, dieses Turnier hat sich f\u00fcr ihn wahrlich gelohnt.<\/p>\n\n\n\n<p>F\u00fcr Vorjahressieger Fabian Mader reichte es diesmal nur zum zweiten Platz, die Niederlage gegen den neuen Meister war nicht mehr aufzuholen. Trotzdem ein sch\u00f6ner Erfolg. Au\u00dferdem ist er noch Jugend-Vereinsmeister 2023!<\/p>\n\n\n\n<p>Werner Sonnhoff (\u00dc70) zeigte sich nach seiner langen krankheitsbedingten Pause gut erholt, zog in der letzten Runde dem Turnierleiter (\u00dc75) die Ohren lang und belegte mit f\u00fcnf Punkten verdient den dritten Platz.<\/p>\n\n\n\n<p>Das Friedhelm Schneider noch den vierten Platz einnehmen konnte, verdankt er nach verhaltenem Beginn einem starken Endspurt. Eine gro\u00dfe \u00dcberraschung ist sicher die gute Platzierung von Martin Schmidt, der sich mit der besten Wertung den f\u00fcnften Platz sichern konnte!<\/p>\n\n\n\n<p>Zufrieden sein d\u00fcrfte auch Leo Ke\u00dfler (U12) mit seinen 50% der Punkte, w\u00e4hrend bei Peter Schreieck irgendwie der \u201eWurm\u201c im Spiel war. Aber es gibt ja im n\u00e4chsten Jahr wieder eine neue Vereinsmeisterschaft\u2026<\/p>\n\n\n\n<p>Die Siegerehrung mit der Preisverleihung findet w\u00e4hrend der Jahreshauptversammlung am 16. Juni 2023 statt.<\/p>\n","protected":false},"excerpt":{"rendered":"<p>Bericht von Turnierleiter Michael Sefeloge 7. Runde Joshua Lenz 1:0 Jakub Rezakovic Fabian Mader 1:0 Peter Schreieck Werner Sonnhoff 1:0 Michael Sefeloge Stephan Meuer 0:1 Friedhelm Schneider Martin Schmidt 1:0 [&hellip;]<\/p>\n","protected":false},"author":4,"featured_media":0,"comment_status":"open","ping_status":"open","sticky":false,"template":"","format":"standard","meta":{"footnotes":""},"categories":[1],"tags":[],"_links":{"self":[{"href":"https:\/\/turm-lahnstein.de\/index.php?rest_route=\/wp\/v2\/posts\/6085"}],"collection":[{"href":"https:\/\/turm-lahnstein.de\/index.php?rest_route=\/wp\/v2\/posts"}],"about":[{"href":"https:\/\/turm-lahnstein.de\/index.php?rest_route=\/wp\/v2\/types\/post"}],"author":[{"embeddable":true,"href":"https:\/\/turm-lahnstein.de\/index.php?rest_route=\/wp\/v2\/users\/4"}],"replies":[{"embeddable":true,"href":"https:\/\/turm-lahnstein.de\/index.php?rest_route=%2Fwp%2Fv2%2Fcomments&post=6085"}],"version-history":[{"count":1,"href":"https:\/\/turm-lahnstein.de\/index.php?rest_route=\/wp\/v2\/posts\/6085\/revisions"}],"predecessor-version":[{"id":6086,"href":"https:\/\/turm-lahnstein.de\/index.php?rest_route=\/wp\/v2\/posts\/6085\/revisions\/6086"}],"wp:attachment":[{"href":"https:\/\/turm-lahnstein.de\/index.php?rest_route=%2Fwp%2Fv2%2Fmedia&parent=6085"}],"wp:term":[{"taxonomy":"category","embeddable":true,"href":"https:\/\/turm-lahnstein.de\/index.php?rest_route=%2Fwp%2Fv2%2Fcategories&post=6085"},{"taxonomy":"post_tag","embeddable":true,"href":"https:\/\/turm-lahnstein.de\/index.php?rest_route=%2Fwp%2Fv2%2Ftags&post=6085"}],"curies":[{"name":"wp","href":"https:\/\/api.w.org\/{rel}","templated":true}]}}