{"id":6049,"date":"2023-03-16T10:30:23","date_gmt":"2023-03-16T10:30:23","guid":{"rendered":"https:\/\/turm-lahnstein.de\/?p=6049"},"modified":"2023-03-16T10:30:23","modified_gmt":"2023-03-16T10:30:23","slug":"pressebericht-erfolgreiche-deutsche-amateurmeisterschaft","status":"publish","type":"post","link":"https:\/\/turm-lahnstein.de\/?p=6049","title":{"rendered":"Pressebericht: Erfolgreiche Deutsche Amateurmeisterschaft"},"content":{"rendered":"\n<figure class=\"wp-block-image size-full\"><img loading=\"lazy\" decoding=\"async\" width=\"254\" height=\"248\" src=\"https:\/\/turm-lahnstein.de\/wp-content\/uploads\/2012\/09\/friedhelm_col.jpg\" alt=\"\" class=\"wp-image-68\"\/><\/figure>\n\n\n\n<p>Zu einem\u00a0 von sieben Vorrundenturnieren der deutschen Amateurmeisterschaft im Schach waren die S\u00e4le des Hotels Wyndham Garden Lahnstein drei Tage fest in der Hand der Schachspieler. 288 Teilnehmerinnen und Teilnehmer spielten in sieben Wertungsgruppen jeweils f\u00fcnf Runden. Jeweils die ersten sieben jeder Gruppe qualifizierten sich f\u00fcr das Finale im Juli in Braunschweig. Die Turnierserie wird seit vielen Jahren von einem Team des Deutschen Schachbundes in hoher Qualit\u00e4t\u00a0 organisiert und durchgef\u00fchrt.<\/p>\n\n\n\n<!--more-->\n\n\n\n<p>Vom Schachverein Turm Lahnstein waren immerhin acht Spielerinnen und Spieler in verschiedenen Gruppen dabei. In der Gruppe B, der zweitst\u00e4rksten Kategorie, wehte ein scharfer Wind. David Meuer erk\u00e4mpfte sich drei Punkte und konnte mit seinem zw\u00f6lften Rang im 46k\u00f6pfigen Feld sehr zufrieden sein. Friedhelm Schneider holte zwei Punkte und einen 29. Platz, was angesichts der St\u00e4rke des Teilnehmerfeldes auch in Ordnung ging. Deutlich unter Wert geschlagen wurde leider Sabrina Ley, die \u00fcber 0,5 Punkte nicht hinaus kam, aber jetzt im n\u00e4chsten Turnier wieder angreifen will.&nbsp; In der mit 53 Personen teilnehmerst\u00e4rksten D-Gruppe belegten Michael Linke und Michael Sefeloge mit je zwei Punkten die Pl\u00e4tze 33 und 40. Dilja Meuer erzielte in der F-Gruppe mit 2,5 und damit der H\u00e4lfte der m\u00f6glichen Punkte genau den mittleren 23. Rang von 46 Spielerinnen und Spielern.&nbsp; Die gr\u00f6\u00dften Erfolge errangen die Lahnsteiner in der G-Gruppe. Martin Schmidt gewann viermal und verlor nur eine Partie, so dass er sich \u00fcber den zweiten Platz von 35 Teilnehmern freuen konnte. Tim Gr\u00fcttner, der erst einige Wochen im Verein ist,&nbsp; erzielte in seinem ersten Turnier 3,5 Punkte und belegte den achten Platz. Da einer der vor ihm Platzierten bereits f\u00fcr das Finale vorqualifiziert war, berechtigt der achte Platz in dieser Gruppe auch zur Teilnahme am Finale, so dass Martin Schmidt und Tim Gr\u00fcttner zur Deutschen Amateurmeisterschaft fahren d\u00fcrfen!&nbsp;<\/p>\n","protected":false},"excerpt":{"rendered":"<p>Zu einem\u00a0 von sieben Vorrundenturnieren der deutschen Amateurmeisterschaft im Schach waren die S\u00e4le des Hotels Wyndham Garden Lahnstein drei Tage fest in der Hand der Schachspieler. 288 Teilnehmerinnen und Teilnehmer [&hellip;]<\/p>\n","protected":false},"author":4,"featured_media":0,"comment_status":"open","ping_status":"open","sticky":false,"template":"","format":"standard","meta":{"footnotes":""},"categories":[1],"tags":[],"_links":{"self":[{"href":"https:\/\/turm-lahnstein.de\/index.php?rest_route=\/wp\/v2\/posts\/6049"}],"collection":[{"href":"https:\/\/turm-lahnstein.de\/index.php?rest_route=\/wp\/v2\/posts"}],"about":[{"href":"https:\/\/turm-lahnstein.de\/index.php?rest_route=\/wp\/v2\/types\/post"}],"author":[{"embeddable":true,"href":"https:\/\/turm-lahnstein.de\/index.php?rest_route=\/wp\/v2\/users\/4"}],"replies":[{"embeddable":true,"href":"https:\/\/turm-lahnstein.de\/index.php?rest_route=%2Fwp%2Fv2%2Fcomments&post=6049"}],"version-history":[{"count":1,"href":"https:\/\/turm-lahnstein.de\/index.php?rest_route=\/wp\/v2\/posts\/6049\/revisions"}],"predecessor-version":[{"id":6050,"href":"https:\/\/turm-lahnstein.de\/index.php?rest_route=\/wp\/v2\/posts\/6049\/revisions\/6050"}],"wp:attachment":[{"href":"https:\/\/turm-lahnstein.de\/index.php?rest_route=%2Fwp%2Fv2%2Fmedia&parent=6049"}],"wp:term":[{"taxonomy":"category","embeddable":true,"href":"https:\/\/turm-lahnstein.de\/index.php?rest_route=%2Fwp%2Fv2%2Fcategories&post=6049"},{"taxonomy":"post_tag","embeddable":true,"href":"https:\/\/turm-lahnstein.de\/index.php?rest_route=%2Fwp%2Fv2%2Ftags&post=6049"}],"curies":[{"name":"wp","href":"https:\/\/api.w.org\/{rel}","templated":true}]}}