{"id":6030,"date":"2023-02-09T08:24:22","date_gmt":"2023-02-09T08:24:22","guid":{"rendered":"https:\/\/turm-lahnstein.de\/?p=6030"},"modified":"2023-02-09T08:24:22","modified_gmt":"2023-02-09T08:24:22","slug":"pressebericht-erste-und-zweite-mannschaft-gewinnen-im-gleichklang","status":"publish","type":"post","link":"https:\/\/turm-lahnstein.de\/?p=6030","title":{"rendered":"Pressebericht: Erste und zweite Mannschaft gewinnen im Gleichklang"},"content":{"rendered":"\n<figure class=\"wp-block-image size-full\"><img loading=\"lazy\" decoding=\"async\" width=\"254\" height=\"248\" src=\"https:\/\/turm-lahnstein.de\/wp-content\/uploads\/2012\/09\/friedhelm_col.jpg\" alt=\"\" class=\"wp-image-68\"\/><\/figure>\n\n\n\n<p>Zur Mitte des Spieljahres l\u00e4uft es gut f\u00fcr die Mannschaften des Schachvereins Turm Lahnstein. In der 6. Runde der 2. Rheinland-Pfalz-Liga \u00a0landete die erste Mannschaft mit einem 7 : 1 bei der SG Hachenburg\/Dierdorf einen ungew\u00f6hnlich hohen Sieg. Zwar war ein Sieg beim Tabellenletzten eingeplant, aber alle wissen, wie schwer es ist, einen solchen auch zu realisieren. Auch die Westerw\u00e4lder waren nicht bereit, sich ohne heftige Gegenwehr aufzugeben. Aber nachdem durch Gewinnpartien von Friedhelm Schneider, Thomas Buch und Lasse Werling eine klare F\u00fchrung erk\u00e4mpft war, kl\u00e4rten sich die \u00fcbrigen Partien \u00fcberwiegend zum positiven Ausgang. Dennis Sanner , Kai Mailitis und Stephan B\u00fcchner gewannen ihre Partien ebenfalls, w\u00e4hrend Sabrina Ley und Michael Linke jeweils ein Remis erzielten.<\/p>\n\n\n\n<!--more-->\n\n\n\n<p>&nbsp;Eine Woche sp\u00e4ter wollte die zweite Mannschaft in der Rheinland-Liga nicht nachstehen und schaffte das Kunstst\u00fcck, mit 6 : 1 gegen den SC Hennweiler einen \u00e4hnlich deutlichen Sieg herauszuholen. Jeweils volle Punkte steuerten Fabian Mader, Peter Schreieck, Markus M\u00fcller , Joshua Lenz und Lasse Werling bei. Die Partien von David Meuer und Michael Linke gingen remis aus.&nbsp;<\/p>\n\n\n\n<p>Beide Lahnsteiner Mannschaften haben nun je 8 : 4 Mannschaftspunkte auf dem Konto und stehen in ihren Klassen auf dem geteilten dritten Rang.&nbsp;&nbsp;<\/p>\n","protected":false},"excerpt":{"rendered":"<p>Zur Mitte des Spieljahres l\u00e4uft es gut f\u00fcr die Mannschaften des Schachvereins Turm Lahnstein. In der 6. Runde der 2. Rheinland-Pfalz-Liga \u00a0landete die erste Mannschaft mit einem 7 : 1 [&hellip;]<\/p>\n","protected":false},"author":4,"featured_media":0,"comment_status":"open","ping_status":"open","sticky":false,"template":"","format":"standard","meta":{"footnotes":""},"categories":[1],"tags":[],"_links":{"self":[{"href":"https:\/\/turm-lahnstein.de\/index.php?rest_route=\/wp\/v2\/posts\/6030"}],"collection":[{"href":"https:\/\/turm-lahnstein.de\/index.php?rest_route=\/wp\/v2\/posts"}],"about":[{"href":"https:\/\/turm-lahnstein.de\/index.php?rest_route=\/wp\/v2\/types\/post"}],"author":[{"embeddable":true,"href":"https:\/\/turm-lahnstein.de\/index.php?rest_route=\/wp\/v2\/users\/4"}],"replies":[{"embeddable":true,"href":"https:\/\/turm-lahnstein.de\/index.php?rest_route=%2Fwp%2Fv2%2Fcomments&post=6030"}],"version-history":[{"count":1,"href":"https:\/\/turm-lahnstein.de\/index.php?rest_route=\/wp\/v2\/posts\/6030\/revisions"}],"predecessor-version":[{"id":6031,"href":"https:\/\/turm-lahnstein.de\/index.php?rest_route=\/wp\/v2\/posts\/6030\/revisions\/6031"}],"wp:attachment":[{"href":"https:\/\/turm-lahnstein.de\/index.php?rest_route=%2Fwp%2Fv2%2Fmedia&parent=6030"}],"wp:term":[{"taxonomy":"category","embeddable":true,"href":"https:\/\/turm-lahnstein.de\/index.php?rest_route=%2Fwp%2Fv2%2Fcategories&post=6030"},{"taxonomy":"post_tag","embeddable":true,"href":"https:\/\/turm-lahnstein.de\/index.php?rest_route=%2Fwp%2Fv2%2Ftags&post=6030"}],"curies":[{"name":"wp","href":"https:\/\/api.w.org\/{rel}","templated":true}]}}