{"id":6028,"date":"2023-02-09T08:23:01","date_gmt":"2023-02-09T08:23:01","guid":{"rendered":"https:\/\/turm-lahnstein.de\/?p=6028"},"modified":"2023-02-09T08:23:01","modified_gmt":"2023-02-09T08:23:01","slug":"vereinsmeisterschaft","status":"publish","type":"post","link":"https:\/\/turm-lahnstein.de\/?p=6028","title":{"rendered":"Vereinsmeisterschaft"},"content":{"rendered":"\n<p><em>Bericht von Turnierleiter Michael Sefeloge<\/em><\/p>\n\n\n\n<p>. Runde<\/p>\n\n\n\n<figure class=\"wp-block-table\"><table><tbody><tr><td>Friedhelm Schneider<\/td><td>1:0<\/td><td>Jakub Rezakovic<\/td><\/tr><tr><td>Michael Sefeloge<\/td><td>0:1<\/td><td>Fabian Mader<\/td><\/tr><tr><td>Elmar Wiskirchen<\/td><td>0:1<\/td><td>Joshua Lenz<\/td><\/tr><tr><td>Werner Sonnhoff<\/td><td>1:0<\/td><td>Lasse Werling<\/td><\/tr><tr><td>Peter Schreieck<\/td><td>0:1<\/td><td>Christian Samtleben<\/td><\/tr><tr><td>Leo Ke\u00dfler<\/td><td>r<\/td><td>Stephan Meuer<\/td><\/tr><tr><td>Martin Schmidt<\/td><td>1:0<\/td><td>Jonathan Lenz<\/td><\/tr><tr><td>Julius Hoppe<\/td><td>0:1<\/td><td>Finn Buchheim<\/td><\/tr><tr><td>Yannik Barz<\/td><td>+:-<\/td><td>kampflos 1 Punkt<\/td><\/tr><\/tbody><\/table><\/figure>\n\n\n\n<p>Es war diesmal eine etwas zerfahrene Runde. Bedingt durch die Teilnahme an einem Turnier der DSAM und anderer Verhinderungen musste die H\u00e4lfte der Partien nachverlegt werden, was wiederum mit dem ersten Teil der Blitz-VM kollidierte. Aber mit viel gutem Willen und etwas Gl\u00fcck ging alles reibungslos \u00fcber die B\u00fchne.<\/p>\n\n\n\n<!--more-->\n\n\n\n<p>Viel kann ich zu den Partien diesmal nicht sagen, da ich selbst sehr besch\u00e4ftigt war. Drei Partien fanden noch vor dem Blitzen statt und waren rechtzeitig fertig, um auch dort mitzuspielen. Auffallend hier der Gewinn von Christian Samtleben mit Schwarz gegen Peter Schreieck. Da Elmar Wiskirchen erst um 20.00 Uhr spielen konnte, musste Joshua Lenz auf das Blitzen verzichten. Aber mit noch drei weiteren Turnieren hat er noch alle M\u00f6glichkeiten, seinen Titel zu verteidigen.<\/p>\n\n\n\n<p>Stand nach der 2. Runde<\/p>\n\n\n\n<figure class=\"wp-block-table\"><table><tbody><tr><td><strong>Rang<\/strong><\/td><td><strong>Name<\/strong><\/td><td><strong>DWZ<\/strong><\/td><td><strong>Punkte<\/strong><\/td><td><strong>BH<\/strong><\/td><td><strong>SB<\/strong><\/td><\/tr><tr><td><strong>&nbsp;<\/strong><\/td><td><strong>&nbsp;<\/strong><\/td><td><strong>&nbsp;<\/strong><\/td><td><strong>&nbsp;<\/strong><\/td><td><strong>&nbsp;<\/strong><\/td><td><strong>&nbsp;<\/strong><\/td><\/tr><tr><td>1<\/td><td>Werner Sonnhoff<\/td><td>1669<\/td><td>2.0<\/td><td>2.0<\/td><td>2.00<\/td><\/tr><tr><td>2<\/td><td>Friedhelm Schneider<\/td><td>1931<\/td><td>2.0<\/td><td>1.5<\/td><td>1.50<\/td><\/tr><tr><td>2<\/td><td>Fabian Mader<\/td><td>1894<\/td><td>2.0<\/td><td>1.5<\/td><td>1.50<\/td><\/tr><tr><td>2<\/td><td>Joshua Lenz<\/td><td>1671<\/td><td>2.0<\/td><td>1.5<\/td><td>1.50<\/td><\/tr><tr><td>5<\/td><td>Jakub Rezakovic<\/td><td>1649<\/td><td>1.0<\/td><td>2.5<\/td><td>0.50<\/td><\/tr><tr><td>5<\/td><td>Michael Sefeloge<\/td><td>1635<\/td><td>1.0<\/td><td>2.5<\/td><td>0.50<\/td><\/tr><tr><td>5<\/td><td>Christian Samtleben<\/td><td>1363<\/td><td>1.0<\/td><td>2.5<\/td><td>0-50<\/td><\/tr><tr><td>5<\/td><td>Martin Schmidt<\/td><td>1170<\/td><td>1.0<\/td><td>2.5<\/td><td>0.50<\/td><\/tr><tr><td>5<\/td><td>Elmar Wiskirchen<\/td><td>1109<\/td><td>1.0<\/td><td>2.5<\/td><td>0.50<\/td><\/tr><tr><td>10<\/td><td>Lasse Werling<\/td><td>1564<\/td><td>1.0<\/td><td>2.0<\/td><td>0.00<\/td><\/tr><tr><td>10<\/td><td>Finn Buchheim<\/td><td>1124<\/td><td>1.0<\/td><td>2.0<\/td><td>0.00<\/td><\/tr><tr><td>12<\/td><td>Stephan Meuer<\/td><td>1254<\/td><td>1.0<\/td><td>1.0<\/td><td>0.50<\/td><\/tr><tr><td>13<\/td><td>Yannik Barz<\/td><td>890<\/td><td>1.0<\/td><td>1.0<\/td><td>0.00<\/td><\/tr><tr><td>14<\/td><td>Leo Ke\u00dfler<\/td><td>1306<\/td><td>0.5<\/td><td>3.0<\/td><td>0.50<\/td><\/tr><tr><td>15<\/td><td>Peter Schreieck<\/td><td>1787<\/td><td>0.5<\/td><td>2.0<\/td><td>0.50<\/td><\/tr><tr><td>16<\/td><td>Jonathan Lenz<\/td><td>1017<\/td><td>0<\/td><td>2.5<\/td><td>0.00<\/td><\/tr><tr><td>17<\/td><td>Julius Hoppe<\/td><td>813<\/td><td>0<\/td><td>2.0<\/td><td>0.00<\/td><\/tr><\/tbody><\/table><\/figure>\n\n\n\n<p>Auslosung 3. Runde (<strong>Hauptspieltag 10.02.2023<\/strong>)<\/p>\n\n\n\n<figure class=\"wp-block-table\"><table><tbody><tr><td>Joshua Lenz<\/td><td>&nbsp;<\/td><td>Friedhelm Schneider<\/td><\/tr><tr><td>Fabian Mader<\/td><td>&nbsp;<\/td><td>Werner Sonnhoff<\/td><\/tr><tr><td>Jakub Rezakovic<\/td><td>&nbsp;<\/td><td>Martin Schmidt<\/td><\/tr><tr><td>Stephan Meuer<\/td><td>&nbsp;<\/td><td>Michael Sefeloge<\/td><\/tr><tr><td>Lasse Werling<\/td><td>&nbsp;<\/td><td>Yannik Barz<\/td><\/tr><tr><td>Christian Samtleben<\/td><td>&nbsp;<\/td><td>Elmar Wiskirchen<\/td><\/tr><tr><td>Finn Buchheim<\/td><td>&nbsp;<\/td><td>Peter Schreieck<\/td><\/tr><tr><td>Jonathan Lenz<\/td><td>&nbsp;<\/td><td>Leo Ke\u00dfler<\/td><\/tr><tr><td>Julius Hoppe<\/td><td>+:-<\/td><td>kampflos 1 Punkt<\/td><\/tr><\/tbody><\/table><\/figure>\n","protected":false},"excerpt":{"rendered":"<p>Bericht von Turnierleiter Michael Sefeloge . Runde Friedhelm Schneider 1:0 Jakub Rezakovic Michael Sefeloge 0:1 Fabian Mader Elmar Wiskirchen 0:1 Joshua Lenz Werner Sonnhoff 1:0 Lasse Werling Peter Schreieck 0:1 [&hellip;]<\/p>\n","protected":false},"author":4,"featured_media":0,"comment_status":"open","ping_status":"open","sticky":false,"template":"","format":"standard","meta":{"footnotes":""},"categories":[1],"tags":[],"_links":{"self":[{"href":"https:\/\/turm-lahnstein.de\/index.php?rest_route=\/wp\/v2\/posts\/6028"}],"collection":[{"href":"https:\/\/turm-lahnstein.de\/index.php?rest_route=\/wp\/v2\/posts"}],"about":[{"href":"https:\/\/turm-lahnstein.de\/index.php?rest_route=\/wp\/v2\/types\/post"}],"author":[{"embeddable":true,"href":"https:\/\/turm-lahnstein.de\/index.php?rest_route=\/wp\/v2\/users\/4"}],"replies":[{"embeddable":true,"href":"https:\/\/turm-lahnstein.de\/index.php?rest_route=%2Fwp%2Fv2%2Fcomments&post=6028"}],"version-history":[{"count":1,"href":"https:\/\/turm-lahnstein.de\/index.php?rest_route=\/wp\/v2\/posts\/6028\/revisions"}],"predecessor-version":[{"id":6029,"href":"https:\/\/turm-lahnstein.de\/index.php?rest_route=\/wp\/v2\/posts\/6028\/revisions\/6029"}],"wp:attachment":[{"href":"https:\/\/turm-lahnstein.de\/index.php?rest_route=%2Fwp%2Fv2%2Fmedia&parent=6028"}],"wp:term":[{"taxonomy":"category","embeddable":true,"href":"https:\/\/turm-lahnstein.de\/index.php?rest_route=%2Fwp%2Fv2%2Fcategories&post=6028"},{"taxonomy":"post_tag","embeddable":true,"href":"https:\/\/turm-lahnstein.de\/index.php?rest_route=%2Fwp%2Fv2%2Ftags&post=6028"}],"curies":[{"name":"wp","href":"https:\/\/api.w.org\/{rel}","templated":true}]}}