{"id":6025,"date":"2023-01-26T12:09:44","date_gmt":"2023-01-26T12:09:44","guid":{"rendered":"https:\/\/turm-lahnstein.de\/?p=6025"},"modified":"2023-01-26T12:09:44","modified_gmt":"2023-01-26T12:09:44","slug":"pressebericht-erfreuliche-beteiligung-bei-der-vereinsmeisterschaft","status":"publish","type":"post","link":"https:\/\/turm-lahnstein.de\/?p=6025","title":{"rendered":"Pressebericht: Erfreuliche Beteiligung bei der Vereinsmeisterschaft"},"content":{"rendered":"\n<figure class=\"wp-block-image size-full\"><img loading=\"lazy\" decoding=\"async\" width=\"254\" height=\"248\" src=\"https:\/\/turm-lahnstein.de\/wp-content\/uploads\/2012\/09\/friedhelm_col.jpg\" alt=\"\" class=\"wp-image-68\"\/><\/figure>\n\n\n\n<p>Zu Beginn der j\u00e4hrlichen Vereinsmeisterschaft des Schachvereins Turm Lahnstein haben sich siebzehn Spieler angemeldet. Nach den Teilnehmerzahlen der letzten Jahre ist dies ein positives Signal. In sieben Runden nach Schweizer System wird der Vereinsmeister 2023 ausgespielt, wobei jedem Spieler 90 Minuten Bedenkzeit pro Partie zur Verf\u00fcgung stehen.\u00a0<\/p>\n\n\n\n<!--more-->\n\n\n\n<p>Eine dem Schachsport eigene Besonderheit ist, dass zwischen dem j\u00fcngsten und dem \u00e4ltesten Teilnehmer mehr als siebzig (!)&nbsp; Lebensjahre liegen. In der ersten Runde setzten sich \u00fcberwiegend die Favoriten durch. Der trotz seiner Jugend schon als Titelverteidiger und Mitfavorit antretende Fabian Mader musste allerdings wie einige andere schon erhebliche Gegenwehr seines noch j\u00fcngeren Gegners Leo Ke\u00dfler \u00fcberwinden. Das Turnier verspricht spannend zu werden.<\/p>\n","protected":false},"excerpt":{"rendered":"<p>Zu Beginn der j\u00e4hrlichen Vereinsmeisterschaft des Schachvereins Turm Lahnstein haben sich siebzehn Spieler angemeldet. Nach den Teilnehmerzahlen der letzten Jahre ist dies ein positives Signal. In sieben Runden nach Schweizer [&hellip;]<\/p>\n","protected":false},"author":4,"featured_media":0,"comment_status":"open","ping_status":"open","sticky":false,"template":"","format":"standard","meta":{"footnotes":""},"categories":[1],"tags":[],"_links":{"self":[{"href":"https:\/\/turm-lahnstein.de\/index.php?rest_route=\/wp\/v2\/posts\/6025"}],"collection":[{"href":"https:\/\/turm-lahnstein.de\/index.php?rest_route=\/wp\/v2\/posts"}],"about":[{"href":"https:\/\/turm-lahnstein.de\/index.php?rest_route=\/wp\/v2\/types\/post"}],"author":[{"embeddable":true,"href":"https:\/\/turm-lahnstein.de\/index.php?rest_route=\/wp\/v2\/users\/4"}],"replies":[{"embeddable":true,"href":"https:\/\/turm-lahnstein.de\/index.php?rest_route=%2Fwp%2Fv2%2Fcomments&post=6025"}],"version-history":[{"count":1,"href":"https:\/\/turm-lahnstein.de\/index.php?rest_route=\/wp\/v2\/posts\/6025\/revisions"}],"predecessor-version":[{"id":6026,"href":"https:\/\/turm-lahnstein.de\/index.php?rest_route=\/wp\/v2\/posts\/6025\/revisions\/6026"}],"wp:attachment":[{"href":"https:\/\/turm-lahnstein.de\/index.php?rest_route=%2Fwp%2Fv2%2Fmedia&parent=6025"}],"wp:term":[{"taxonomy":"category","embeddable":true,"href":"https:\/\/turm-lahnstein.de\/index.php?rest_route=%2Fwp%2Fv2%2Fcategories&post=6025"},{"taxonomy":"post_tag","embeddable":true,"href":"https:\/\/turm-lahnstein.de\/index.php?rest_route=%2Fwp%2Fv2%2Ftags&post=6025"}],"curies":[{"name":"wp","href":"https:\/\/api.w.org\/{rel}","templated":true}]}}