{"id":6021,"date":"2023-01-26T12:04:20","date_gmt":"2023-01-26T12:04:20","guid":{"rendered":"https:\/\/turm-lahnstein.de\/?p=6021"},"modified":"2023-01-26T12:04:20","modified_gmt":"2023-01-26T12:04:20","slug":"pressebericht-positives-punktekonto-fuer-den-aufsteiger-in-der-rheinland-liga","status":"publish","type":"post","link":"https:\/\/turm-lahnstein.de\/?p=6021","title":{"rendered":"Pressebericht: Positives Punktekonto f\u00fcr den Aufsteiger in der Rheinland-Liga"},"content":{"rendered":"\n<figure class=\"wp-block-image size-full\"><img loading=\"lazy\" decoding=\"async\" width=\"254\" height=\"248\" src=\"https:\/\/turm-lahnstein.de\/wp-content\/uploads\/2012\/09\/friedhelm_col.jpg\" alt=\"\" class=\"wp-image-68\"\/><\/figure>\n\n\n\n<p>Dass die zweite Mannschaft des Schachvereins Turm Lahnstein als Aufsteiger gut in der h\u00f6heren Klasse, der Rheinland-Liga, angekommen war, zeigten schon die ersten Runden. Mit dem aktuellen 4,5:2,5 Ausw\u00e4rtssieg beim SC Neuwied Heimbach-Weis stie\u00dfen die Schachspieler nun erstmals in ein positives Mannschaftspunkteverh\u00e4ltnis von 6 : 4 vor und freuen sich nach der H\u00e4lfte des Spieljahres \u00fcber den vierten Tabellenplatz unter zehn Mannschaften.<\/p>\n\n\n\n<!--more-->\n\n\n\n<p>Ihre Partien gewannen in Heimbach-Weis Fabian Mader, David Meuer, Michael Linke und Joshua Lenz. Peter Schreieck sicherte sich ein Remis. Markus M\u00fcller und Hans-Joachim Will mussten sich diesmal geschlagen bekennen.&nbsp; Die n\u00e4chste Runde steht am 05.02. an.&nbsp;&nbsp;<\/p>\n","protected":false},"excerpt":{"rendered":"<p>Dass die zweite Mannschaft des Schachvereins Turm Lahnstein als Aufsteiger gut in der h\u00f6heren Klasse, der Rheinland-Liga, angekommen war, zeigten schon die ersten Runden. Mit dem aktuellen 4,5:2,5 Ausw\u00e4rtssieg beim [&hellip;]<\/p>\n","protected":false},"author":4,"featured_media":0,"comment_status":"open","ping_status":"open","sticky":false,"template":"","format":"standard","meta":{"footnotes":""},"categories":[1],"tags":[],"_links":{"self":[{"href":"https:\/\/turm-lahnstein.de\/index.php?rest_route=\/wp\/v2\/posts\/6021"}],"collection":[{"href":"https:\/\/turm-lahnstein.de\/index.php?rest_route=\/wp\/v2\/posts"}],"about":[{"href":"https:\/\/turm-lahnstein.de\/index.php?rest_route=\/wp\/v2\/types\/post"}],"author":[{"embeddable":true,"href":"https:\/\/turm-lahnstein.de\/index.php?rest_route=\/wp\/v2\/users\/4"}],"replies":[{"embeddable":true,"href":"https:\/\/turm-lahnstein.de\/index.php?rest_route=%2Fwp%2Fv2%2Fcomments&post=6021"}],"version-history":[{"count":1,"href":"https:\/\/turm-lahnstein.de\/index.php?rest_route=\/wp\/v2\/posts\/6021\/revisions"}],"predecessor-version":[{"id":6022,"href":"https:\/\/turm-lahnstein.de\/index.php?rest_route=\/wp\/v2\/posts\/6021\/revisions\/6022"}],"wp:attachment":[{"href":"https:\/\/turm-lahnstein.de\/index.php?rest_route=%2Fwp%2Fv2%2Fmedia&parent=6021"}],"wp:term":[{"taxonomy":"category","embeddable":true,"href":"https:\/\/turm-lahnstein.de\/index.php?rest_route=%2Fwp%2Fv2%2Fcategories&post=6021"},{"taxonomy":"post_tag","embeddable":true,"href":"https:\/\/turm-lahnstein.de\/index.php?rest_route=%2Fwp%2Fv2%2Ftags&post=6021"}],"curies":[{"name":"wp","href":"https:\/\/api.w.org\/{rel}","templated":true}]}}