{"id":6016,"date":"2023-01-05T08:20:22","date_gmt":"2023-01-05T08:20:22","guid":{"rendered":"https:\/\/turm-lahnstein.de\/?p=6016"},"modified":"2023-01-05T08:20:22","modified_gmt":"2023-01-05T08:20:22","slug":"pressebericht-lahnsteiner-jugendmannschaft-u-16-neunter-der-deutschen-meisterschaft","status":"publish","type":"post","link":"https:\/\/turm-lahnstein.de\/?p=6016","title":{"rendered":"Pressebericht: Lahnsteiner Jugendmannschaft U 16 Neunter der Deutschen Meisterschaft!"},"content":{"rendered":"\n<figure class=\"wp-block-image size-full\"><img loading=\"lazy\" decoding=\"async\" width=\"254\" height=\"248\" src=\"https:\/\/turm-lahnstein.de\/wp-content\/uploads\/2012\/09\/friedhelm_col.jpg\" alt=\"\" class=\"wp-image-68\"\/><\/figure>\n\n\n\n<p>Die Teilnahme an einer Deutschen Meisterschaft ist in allen Sportarten etwas Besonderes. Die Schachspielerinnen und Schachspieler des SV Turm Lahnstein haben es schon wiederholt in Einzelwettbewerben wie in Mannschaftsmeisterschaften zu einer Deutschen Meisterschaft geschafft und immer wieder ist dies ein H\u00f6hepunkt, der jahrelang in Erinnerung bleibt.<\/p>\n\n\n\n<!--more-->\n\n\n\n<p>Die Jugendmannschaft U(nter) 16 (Jahren) hatte 2022 die Rheinland-Pfalz-Meisterschaft gewonnen und war zwischen Weihnachten und Silvester bei der Deutschen Mannschaftsmeisterschaft dieser Altersklasse im Jugendg\u00e4stehaus Darmstadt dabei. Zwanzig Vierermannschaften aus allen Bundesl\u00e4ndern bildeten das Teilnehmerfeld, wobei einige Vereine wie auch Lahnstein mit f\u00fcnf Spielern antraten. Hierbei ist die Brettreihenfolge vorgegeben, von Runde zu Runde kann jedoch&nbsp; entschieden werden, wer zum Einsatz kommt bzw. in dieser Runde aussetzt.<\/p>\n\n\n\n<p>Alle Lahnsteiner \u00fcberzeugten spielerisch und k\u00e4mpferisch und zeigten eine geschlossene Mannschaftsleistung. In der ersten Runde hie\u00df es nach hei\u00dfem Kampf 1 : 3 gegen den SC Berlin-Lichtenberg und erst vier Tage sp\u00e4ter stand fest, dass man damit gegen den neuen Deutschen Meister angetreten war.&nbsp; Danach wechselten Sieg und Niederlage sich ab und in der letzten Runde gab es ein leistungsgerechtes 2 : 2 Unentschieden gegen den baden-w\u00fcrttembergischen Meister SC Ostfildern , so dass mit 7 : 7 Mannschaftspunkten und 14,5 Brettpunkten ein neunter Platz in der Abschlusstabelle feststand.<\/p>\n\n\n\n<p>Als eifrigster Punktesammler zeichnete sich Fabian Mader mit f\u00fcnf Punkten aus, der als einziger alle sieben Partien spielte. David Meuer war mit 1,5 aus 6 nicht zufrieden, hatte allerdings am ersten Brett auch immer die st\u00e4rksten Gegner. Joshua Lenz (3\/ <em>6),<\/em> Lasse Werling <em>(2,5<\/em>\/ 5) und Christian Samtleben (2,5 \/ 4)&nbsp; komplettierten mit ebenfalls guten Einzelergebnissen das Lahnsteiner Team. &nbsp;&nbsp;&nbsp;&nbsp;&nbsp;&nbsp;&nbsp;&nbsp;&nbsp;&nbsp;&nbsp;&nbsp;&nbsp;&nbsp;&nbsp;<\/p>\n\n\n\n<p><\/p>\n","protected":false},"excerpt":{"rendered":"<p>Die Teilnahme an einer Deutschen Meisterschaft ist in allen Sportarten etwas Besonderes. Die Schachspielerinnen und Schachspieler des SV Turm Lahnstein haben es schon wiederholt in Einzelwettbewerben wie in Mannschaftsmeisterschaften zu [&hellip;]<\/p>\n","protected":false},"author":4,"featured_media":0,"comment_status":"open","ping_status":"open","sticky":false,"template":"","format":"standard","meta":{"footnotes":""},"categories":[1],"tags":[],"_links":{"self":[{"href":"https:\/\/turm-lahnstein.de\/index.php?rest_route=\/wp\/v2\/posts\/6016"}],"collection":[{"href":"https:\/\/turm-lahnstein.de\/index.php?rest_route=\/wp\/v2\/posts"}],"about":[{"href":"https:\/\/turm-lahnstein.de\/index.php?rest_route=\/wp\/v2\/types\/post"}],"author":[{"embeddable":true,"href":"https:\/\/turm-lahnstein.de\/index.php?rest_route=\/wp\/v2\/users\/4"}],"replies":[{"embeddable":true,"href":"https:\/\/turm-lahnstein.de\/index.php?rest_route=%2Fwp%2Fv2%2Fcomments&post=6016"}],"version-history":[{"count":1,"href":"https:\/\/turm-lahnstein.de\/index.php?rest_route=\/wp\/v2\/posts\/6016\/revisions"}],"predecessor-version":[{"id":6017,"href":"https:\/\/turm-lahnstein.de\/index.php?rest_route=\/wp\/v2\/posts\/6016\/revisions\/6017"}],"wp:attachment":[{"href":"https:\/\/turm-lahnstein.de\/index.php?rest_route=%2Fwp%2Fv2%2Fmedia&parent=6016"}],"wp:term":[{"taxonomy":"category","embeddable":true,"href":"https:\/\/turm-lahnstein.de\/index.php?rest_route=%2Fwp%2Fv2%2Fcategories&post=6016"},{"taxonomy":"post_tag","embeddable":true,"href":"https:\/\/turm-lahnstein.de\/index.php?rest_route=%2Fwp%2Fv2%2Ftags&post=6016"}],"curies":[{"name":"wp","href":"https:\/\/api.w.org\/{rel}","templated":true}]}}