{"id":5978,"date":"2022-12-25T11:29:20","date_gmt":"2022-12-25T11:29:20","guid":{"rendered":"https:\/\/turm-lahnstein.de\/?p=5978"},"modified":"2022-12-25T11:29:20","modified_gmt":"2022-12-25T11:29:20","slug":"weihnachtsturnier-2022","status":"publish","type":"post","link":"https:\/\/turm-lahnstein.de\/?p=5978","title":{"rendered":"Weihnachtsturnier 2022"},"content":{"rendered":"\n<p><em>Bericht von Turnierleiter Michael Sefeloge<\/em><\/p>\n\n\n\n<p>Erstmals seit 2019 konnte in diesem Jahr diese Veranstaltung wieder an ihrem angestammten Termin stattfinden, n\u00e4mlich kurz vor Weihnachten. Gespielt wurde im China-Restaurant der Familie Dong, die uns den fast voll verglasten \u201eWintergarten\u201c zur Verf\u00fcgung gestellt hatten.<\/p>\n\n\n\n<!--more-->\n\n\n\n<p>Mit 31 Spieler und Spielerinnen konnte die h\u00f6chste Teilnehmerzahl seit vielen Jahren verzeichnet werden. Und h\u00e4tten nicht kurz vor Spielbeginn noch drei Spieler abgesagt, w\u00e4ren es sogar 34 geworden.<\/p>\n\n\n\n<p>Hier erst einmal die Tabelle nach sieben Runden CH.<\/p>\n\n\n\n<figure class=\"wp-block-table\"><table><tbody><tr><td><strong>Rang<\/strong><\/td><td><strong>Name<\/strong><\/td><td><strong>Status<\/strong><\/td><td><strong>DWZ<\/strong><\/td><td><strong>Punkte<\/strong><\/td><td><strong>BH<\/strong><\/td><td><strong>SB<\/strong><\/td><\/tr><tr><td><strong>&nbsp;<\/strong><\/td><td><strong>&nbsp;<\/strong><\/td><td><strong>&nbsp;<\/strong><\/td><td><strong>&nbsp;<\/strong><\/td><td><strong>&nbsp;<\/strong><\/td><td><strong>&nbsp;<\/strong><\/td><td><strong>&nbsp;<\/strong><\/td><\/tr><tr><td>1<\/td><td>Pascal Grzeca<\/td><td>Gast<\/td><td>2107<\/td><td>6.5<\/td><td>31.0<\/td><td>28.25<\/td><\/tr><tr><td>2<\/td><td>Sabrina Ley<\/td><td>w<\/td><td>1924<\/td><td>5.5<\/td><td>29.0<\/td><td>22.25<\/td><\/tr><tr><td>3<\/td><td>Kai Mailitis<\/td><td>&nbsp;<\/td><td>2033<\/td><td>5.0<\/td><td>32.0<\/td><td>20.00<\/td><\/tr><tr><td>4<\/td><td>David Meuer<\/td><td>U16<\/td><td>1979<\/td><td>5.0<\/td><td>30.5<\/td><td>19.50<\/td><\/tr><tr><td>5<\/td><td>Friedhelm Schneider<\/td><td>\u00dc60<\/td><td>1931<\/td><td>5.0<\/td><td>29.0<\/td><td>20.50<\/td><\/tr><tr><td>6<\/td><td>Dennis Sanner<\/td><td>FM<\/td><td>2221<\/td><td>5.0<\/td><td>28.0<\/td><td>18.50<\/td><\/tr><tr><td>7<\/td><td>Joshua Lenz<\/td><td>U18<\/td><td>1629<\/td><td>4.0<\/td><td>29.0<\/td><td>13.75<\/td><\/tr><tr><td>8<\/td><td>Jakub Rezakovic<\/td><td>\u00dc70<\/td><td>1649<\/td><td>4.0<\/td><td>29.0<\/td><td>13.00<\/td><\/tr><tr><td>9<\/td><td>Werner Sonnhoff<\/td><td>\u00dc70<\/td><td>1669<\/td><td>4.0<\/td><td>29.0<\/td><td>12.50<\/td><\/tr><tr><td>10<\/td><td>Leo Ke\u00dfler<\/td><td>U12<\/td><td>1306<\/td><td>4.0<\/td><td>28.0<\/td><td>13.00<\/td><\/tr><tr><td>11<\/td><td>Christian Samtleben<\/td><td>U16<\/td><td>1210<\/td><td>4.0<\/td><td>27.0<\/td><td>13.00<\/td><\/tr><tr><td>12<\/td><td>Niclas Elbert<\/td><td>U12<\/td><td>1104<\/td><td>4.0<\/td><td>25.5<\/td><td>12.00<\/td><\/tr><tr><td>&nbsp;<\/td><td>Kurt Sanner<\/td><td>\u00dc70<\/td><td>1559<\/td><td>4.0<\/td><td>25.5<\/td><td>12.00<\/td><\/tr><tr><td>14<\/td><td>Michael Linke<\/td><td>&nbsp;<\/td><td>1630<\/td><td>4.0<\/td><td>23.0<\/td><td>11.50<\/td><\/tr><tr><td>15<\/td><td>Martin Schmidt<\/td><td>&nbsp;<\/td><td>1170<\/td><td>4.0<\/td><td>23.0<\/td><td>10.00<\/td><\/tr><tr><td>16<\/td><td>Hans-Joachim Will<\/td><td>&nbsp;<\/td><td>1729<\/td><td>3.5<\/td><td>27.0<\/td><td>10.75<\/td><\/tr><tr><td>17<\/td><td>Niklas Herbel<\/td><td>&nbsp;<\/td><td>\u2026<\/td><td>3.5<\/td><td>21.5<\/td><td>6.75<\/td><\/tr><tr><td>18<\/td><td>Jonathan Lenz<\/td><td>U16<\/td><td>1017<\/td><td>3.5<\/td><td>19.5<\/td><td>7.50<\/td><\/tr><tr><td>19<\/td><td>Dilja Meuer<\/td><td>w<\/td><td>1221<\/td><td>3.5<\/td><td>19.0<\/td><td>6.75<\/td><\/tr><tr><td>20<\/td><td>Lasse Werling<\/td><td>U16<\/td><td>1500<\/td><td>3.0<\/td><td>29.0<\/td><td>10.25<\/td><\/tr><tr><td>21<\/td><td>Zhang Hao Dong<\/td><td>U12<\/td><td>1150<\/td><td>3.0<\/td><td>25.0<\/td><td>9.00<\/td><\/tr><tr><td>22<\/td><td>Julius Hoppe<\/td><td>U12<\/td><td>796<\/td><td>3.0<\/td><td>21.0<\/td><td>5.50<\/td><\/tr><tr><td>23<\/td><td>Franziska Herbel<\/td><td>U14w<\/td><td>1017<\/td><td>3.0<\/td><td>20.5<\/td><td>6.00<\/td><\/tr><tr><td>24<\/td><td>Jonah Klinkner<\/td><td>U12<\/td><td>\u2026<\/td><td>3.0<\/td><td>20.5<\/td><td>5.50<\/td><\/tr><tr><td>25<\/td><td>Sven Sunaga<\/td><td>Gast<\/td><td>\u2026<\/td><td>3.0<\/td><td>17.5<\/td><td>4.50<\/td><\/tr><tr><td>26<\/td><td>Yannik Barz<\/td><td>U12<\/td><td>890<\/td><td>2.5<\/td><td>25.0<\/td><td>8.75<\/td><\/tr><tr><td>27<\/td><td>Patrick Br\u00fchl<\/td><td>U14<\/td><td>1230<\/td><td>2.5<\/td><td>21.5<\/td><td>3.25<\/td><\/tr><tr><td>28<\/td><td>Til Ke\u00dfler<\/td><td>U10<\/td><td>756<\/td><td>2.0<\/td><td>19.5<\/td><td>4.50<\/td><\/tr><tr><td>29<\/td><td>Paul Sawazki<\/td><td>U10<\/td><td>761<\/td><td>2.0<\/td><td>17.5<\/td><td>2.50<\/td><\/tr><tr><td>30<\/td><td>Lea Hoppe<\/td><td>U10w<\/td><td>\u2026<\/td><td>1.5<\/td><td>19.0<\/td><td>3.50<\/td><\/tr><tr><td>31<\/td><td>Lennard Sunaga<\/td><td>U8<\/td><td>\u2026<\/td><td>1.5<\/td><td>18.0<\/td><td>3.00<\/td><\/tr><\/tbody><\/table><\/figure>\n\n\n\n<p>Mit Pascal Grzeca konnte zum ersten Mal seit 35 Jahren wieder ein Gastspieler das WT gewinnen. Zum letzten Mal war es 1987 Friedhelm Schneider gewesen, der damals noch f\u00fcr den SV Braubach aktiv war und den Schreiber dieser Zeilen nach zwei Titelgewinnen hintereinander v\u00f6llig humorlos entthronte.&nbsp;<\/p>\n\n\n\n<p>Der Titelgewinn von Pascal war nie gef\u00e4hrdet, und so kam es in der letzten Runde zum Duell gegen Partnerin Sabrina, das schnell mit einem Remis beendet war. Und zu diesem sportlichen Erfolg kam dann als Nebeneffekt noch zusammen 80% des Startgeldes hinzu, was der gemeinsamen (?) Haushaltskasse zugutekommt. Ein wahrlich erfolgreicher Abend f\u00fcr die Beiden.<\/p>\n\n\n\n<p>Kai Mailitis wurde Dritter plus 20% des Startgeldes vor David Meuer auf dem vierten Platz, der damit den Jugendpreis gewinnen konnte. Direkt dahinter als F\u00fcnfter in der Tabelle Friedhelm Schneider als bester Teilnehmer der \u00dc60.<\/p>\n\n\n\n<p>Erw\u00e4hnenswert die gute Leistung der beiden \u00dc70er Jakub Rezakovic und Werner Sonnhoff, die beide punkt- und fast Wertungsgleich auf den Pl\u00e4tzen acht und neun ankamen. Besonders f\u00fcr letzteren nach vielen Monaten krankheitsbedingter Sorgen ein sch\u00f6ner Erfolg. Und das Leo Ke\u00dfler mit seinen elf Jahren als Zehnter noch im ersten Drittel der Tabelle rangiert, ist inzwischen schon fast Normalit\u00e4t. &nbsp;&nbsp;<\/p>\n\n\n\n<p>Nach dem Turnier fand dann das gemeinsame Abendessen mit anschlie\u00dfender gem\u00fctlicher Runde statt, an dem neben vielen Eltern auch einige Mitglieder teilnahmen, die man nicht nur wegen Corona schon seit einigen Jahren nicht mehr gesehen hatte.<\/p>\n","protected":false},"excerpt":{"rendered":"<p>Bericht von Turnierleiter Michael Sefeloge Erstmals seit 2019 konnte in diesem Jahr diese Veranstaltung wieder an ihrem angestammten Termin stattfinden, n\u00e4mlich kurz vor Weihnachten. Gespielt wurde im China-Restaurant der Familie [&hellip;]<\/p>\n","protected":false},"author":4,"featured_media":0,"comment_status":"open","ping_status":"open","sticky":false,"template":"","format":"standard","meta":{"footnotes":""},"categories":[1],"tags":[],"_links":{"self":[{"href":"https:\/\/turm-lahnstein.de\/index.php?rest_route=\/wp\/v2\/posts\/5978"}],"collection":[{"href":"https:\/\/turm-lahnstein.de\/index.php?rest_route=\/wp\/v2\/posts"}],"about":[{"href":"https:\/\/turm-lahnstein.de\/index.php?rest_route=\/wp\/v2\/types\/post"}],"author":[{"embeddable":true,"href":"https:\/\/turm-lahnstein.de\/index.php?rest_route=\/wp\/v2\/users\/4"}],"replies":[{"embeddable":true,"href":"https:\/\/turm-lahnstein.de\/index.php?rest_route=%2Fwp%2Fv2%2Fcomments&post=5978"}],"version-history":[{"count":1,"href":"https:\/\/turm-lahnstein.de\/index.php?rest_route=\/wp\/v2\/posts\/5978\/revisions"}],"predecessor-version":[{"id":5979,"href":"https:\/\/turm-lahnstein.de\/index.php?rest_route=\/wp\/v2\/posts\/5978\/revisions\/5979"}],"wp:attachment":[{"href":"https:\/\/turm-lahnstein.de\/index.php?rest_route=%2Fwp%2Fv2%2Fmedia&parent=5978"}],"wp:term":[{"taxonomy":"category","embeddable":true,"href":"https:\/\/turm-lahnstein.de\/index.php?rest_route=%2Fwp%2Fv2%2Fcategories&post=5978"},{"taxonomy":"post_tag","embeddable":true,"href":"https:\/\/turm-lahnstein.de\/index.php?rest_route=%2Fwp%2Fv2%2Ftags&post=5978"}],"curies":[{"name":"wp","href":"https:\/\/api.w.org\/{rel}","templated":true}]}}