{"id":5932,"date":"2022-11-23T09:41:07","date_gmt":"2022-11-23T09:41:07","guid":{"rendered":"https:\/\/turm-lahnstein.de\/?p=5932"},"modified":"2022-12-26T20:38:32","modified_gmt":"2022-12-26T20:38:32","slug":"dvm-2022-u16","status":"publish","type":"post","link":"https:\/\/turm-lahnstein.de\/?p=5932","title":{"rendered":"DVM 2022 U16"},"content":{"rendered":"\n<p>Unsere U16 wird vom 26.12. &#8211; bis zum 30.12.2022 an den Deutschen Vereinsmeisterschaften in Darmstadt teilnehmen.<\/p>\n\n\n\n<!--more-->\n\n\n\n<p>Nachdem unsere Spieler die Rheinland-Pfalzmeisterschaften recht souver\u00e4n gewonnen haben, w\u00e4re danach eigentlich die Mitteldeutsche Meisterschaft die n\u00e4chste Qualifikationsh\u00fcrde gewesen. Allerdings richtet dieses Jahr die Schachjugend Rheinland-Pfalz die Meisterschaften aus und hatte einen Freiplatz zu vergeben, den wir als Meister gerne angenommen haben. Unsere 5 Spieler Christian, Joshua, Fabian, David und Lasse freuen sich dieses Jahr wieder mit den besten Spielern ihrer Altersklasse messen zu d\u00fcrfen. Unsere Aufstellung und alle Informationen findet ihr auf den entsprechenden Seiten der Deutschen Schachjugend. Nat\u00fcrlich wird es auch eine Live-\u00dcbertragung aller Bretter geben. Den Link werde wir hier rechtzeitig bekanntgeben.<\/p>\n","protected":false},"excerpt":{"rendered":"<p>Unsere U16 wird vom 26.12. &#8211; bis zum 30.12.2022 an den Deutschen Vereinsmeisterschaften in Darmstadt teilnehmen.<\/p>\n","protected":false},"author":4,"featured_media":0,"comment_status":"open","ping_status":"open","sticky":false,"template":"","format":"standard","meta":{"footnotes":""},"categories":[1],"tags":[],"_links":{"self":[{"href":"https:\/\/turm-lahnstein.de\/index.php?rest_route=\/wp\/v2\/posts\/5932"}],"collection":[{"href":"https:\/\/turm-lahnstein.de\/index.php?rest_route=\/wp\/v2\/posts"}],"about":[{"href":"https:\/\/turm-lahnstein.de\/index.php?rest_route=\/wp\/v2\/types\/post"}],"author":[{"embeddable":true,"href":"https:\/\/turm-lahnstein.de\/index.php?rest_route=\/wp\/v2\/users\/4"}],"replies":[{"embeddable":true,"href":"https:\/\/turm-lahnstein.de\/index.php?rest_route=%2Fwp%2Fv2%2Fcomments&post=5932"}],"version-history":[{"count":3,"href":"https:\/\/turm-lahnstein.de\/index.php?rest_route=\/wp\/v2\/posts\/5932\/revisions"}],"predecessor-version":[{"id":5938,"href":"https:\/\/turm-lahnstein.de\/index.php?rest_route=\/wp\/v2\/posts\/5932\/revisions\/5938"}],"wp:attachment":[{"href":"https:\/\/turm-lahnstein.de\/index.php?rest_route=%2Fwp%2Fv2%2Fmedia&parent=5932"}],"wp:term":[{"taxonomy":"category","embeddable":true,"href":"https:\/\/turm-lahnstein.de\/index.php?rest_route=%2Fwp%2Fv2%2Fcategories&post=5932"},{"taxonomy":"post_tag","embeddable":true,"href":"https:\/\/turm-lahnstein.de\/index.php?rest_route=%2Fwp%2Fv2%2Ftags&post=5932"}],"curies":[{"name":"wp","href":"https:\/\/api.w.org\/{rel}","templated":true}]}}