{"id":5907,"date":"2022-10-20T09:01:45","date_gmt":"2022-10-20T09:01:45","guid":{"rendered":"https:\/\/turm-lahnstein.de\/?p=5907"},"modified":"2022-10-20T09:01:45","modified_gmt":"2022-10-20T09:01:45","slug":"pressebericht-lahnsteiner-jugendliche-bei-den-rheinlandmeisterschaften","status":"publish","type":"post","link":"https:\/\/turm-lahnstein.de\/?p=5907","title":{"rendered":"Pressebericht: Lahnsteiner Jugendliche bei den Rheinlandmeisterschaften"},"content":{"rendered":"\n<figure class=\"wp-block-image size-full\"><img loading=\"lazy\" decoding=\"async\" width=\"254\" height=\"248\" src=\"https:\/\/turm-lahnstein.de\/wp-content\/uploads\/2012\/09\/friedhelm_col.jpg\" alt=\"\" class=\"wp-image-68\"\/><\/figure>\n\n\n\n<p>Vom Schachverein Turm Lahnstein hatten sich zehn Kinder und Jugendliche zu den Jugendmeisterschaften des Schachverbandes Rheinland qualifiziert. Diese wurden in den Herbstferien in der Jugendherberge Cochem ausgetragen.<\/p>\n\n\n\n<!--more-->\n\n\n\n<p>In der Altersklasse der unter 18j\u00e4hrigen (U 18) war Joshua Lenz mit seinen vier Punkten aus sieben Partien und dem f\u00fcnften Platz nicht ganz zufrieden. Besser lief es f\u00fcr Lasse Werling, der in der U 16&nbsp;&nbsp;&nbsp;&nbsp;&nbsp;<\/p>\n\n\n\n<p>f\u00fcnf Punkte sammelte und sich erst nach einem Stichkampf im Blitzschach mit dem zweiten Platz und damit der Vizemeisterschaft begn\u00fcgen musste. Christian Samtleben lie\u00df gegen Ende des Turniers etwas nach und wurde mit drei Punkten Zehnter.<\/p>\n\n\n\n<p>Ein gutes Turnier spielte Patrick Br\u00fchl in der U 14 und sicherte sich mit 4,5 Punkten den dritten Rang in der Abschlusstabelle. Die meisten Lahnsteiner spielten in der U 12. Leo Ke\u00dfler spielte vorne mit und belegte schlie\u00dflich den dritten Platz mit f\u00fcnf Punkten. Dagegen konnten Niclas Elbert mit 3,5 und Zhang Hao Dong mit 3 Punkten und den Pl\u00e4tzen sieben und zw\u00f6lf den Erwartungen nicht ganz gerecht werden. Yannik Barz musste wegen Erkrankung das Turnier vorzeitig beenden. In der Altersklasse U 10 mussten sich Til Ke\u00dfler mit drei und Jaron Lenz mit 1,5 Punkten mit Pl\u00e4tzen in der zweiten Tabellenh\u00e4lfte zufrieden geben. Die n\u00e4chsten Herausforderungen lassen aber f\u00fcr Alle nicht lange auf sich warten.<\/p>\n","protected":false},"excerpt":{"rendered":"<p>Vom Schachverein Turm Lahnstein hatten sich zehn Kinder und Jugendliche zu den Jugendmeisterschaften des Schachverbandes Rheinland qualifiziert. Diese wurden in den Herbstferien in der Jugendherberge Cochem ausgetragen.<\/p>\n","protected":false},"author":4,"featured_media":0,"comment_status":"open","ping_status":"open","sticky":false,"template":"","format":"standard","meta":{"footnotes":""},"categories":[1],"tags":[],"_links":{"self":[{"href":"https:\/\/turm-lahnstein.de\/index.php?rest_route=\/wp\/v2\/posts\/5907"}],"collection":[{"href":"https:\/\/turm-lahnstein.de\/index.php?rest_route=\/wp\/v2\/posts"}],"about":[{"href":"https:\/\/turm-lahnstein.de\/index.php?rest_route=\/wp\/v2\/types\/post"}],"author":[{"embeddable":true,"href":"https:\/\/turm-lahnstein.de\/index.php?rest_route=\/wp\/v2\/users\/4"}],"replies":[{"embeddable":true,"href":"https:\/\/turm-lahnstein.de\/index.php?rest_route=%2Fwp%2Fv2%2Fcomments&post=5907"}],"version-history":[{"count":1,"href":"https:\/\/turm-lahnstein.de\/index.php?rest_route=\/wp\/v2\/posts\/5907\/revisions"}],"predecessor-version":[{"id":5908,"href":"https:\/\/turm-lahnstein.de\/index.php?rest_route=\/wp\/v2\/posts\/5907\/revisions\/5908"}],"wp:attachment":[{"href":"https:\/\/turm-lahnstein.de\/index.php?rest_route=%2Fwp%2Fv2%2Fmedia&parent=5907"}],"wp:term":[{"taxonomy":"category","embeddable":true,"href":"https:\/\/turm-lahnstein.de\/index.php?rest_route=%2Fwp%2Fv2%2Fcategories&post=5907"},{"taxonomy":"post_tag","embeddable":true,"href":"https:\/\/turm-lahnstein.de\/index.php?rest_route=%2Fwp%2Fv2%2Ftags&post=5907"}],"curies":[{"name":"wp","href":"https:\/\/api.w.org\/{rel}","templated":true}]}}