{"id":5867,"date":"2022-09-22T06:31:06","date_gmt":"2022-09-22T06:31:06","guid":{"rendered":"https:\/\/turm-lahnstein.de\/?p=5867"},"modified":"2022-09-22T06:31:06","modified_gmt":"2022-09-22T06:31:06","slug":"vereinspokal-3","status":"publish","type":"post","link":"https:\/\/turm-lahnstein.de\/?p=5867","title":{"rendered":"Vereinspokal"},"content":{"rendered":"\n<p><em>Bericht von Turnierleiter Michael Sefeloge<\/em><\/p>\n\n\n\n<p>Mit 15 Teilnehmern konnte der diesj\u00e4hrige Vereinspokal gestartet werden, deutlich mehr als im letzten Jahr. Da im Pokal frei gelost wird, kann es bereits in der ersten Runde zu der einen oder anderen Begegnung kommen, die es bei Turnieren mit Rangliste so nicht geben k\u00f6nnte. Und genau so kam es, als die Pokalgewinner der letzten Jahre \u2013 David Meuer und Friedhelm Schneider \u2013 gleich zu Beginn gegeneinander gelost wurden. Nach missgl\u00fcckter Er\u00f6ffnung des Seniors entwickelte sich ein Spiel auf ein Tor, das David schlie\u00dflich sicher gewann.<\/p>\n\n\n\n<!--more-->\n\n\n\n<p>Die n\u00e4chste \u00dcberraschung war dann das Remis von Leo Ke\u00dfler gegen Kurt Sanner, so dass im Anschluss geblitzt werden musste. Hier konnte sich der U12er mit 2:1 gegen den \u00dc70ger durchsetzen und die n\u00e4chste Runde erreichen.<\/p>\n\n\n\n<p>Joshua Lenz gewann gegen Peter Schreieck mit gewohnt aggressivem Spiel, die restlichen Partien verliefen im Rahmen der Erwartungen.<\/p>\n\n\n\n<p>1. Runde<\/p>\n\n\n\n<figure class=\"wp-block-table\"><table><tbody><tr><td><strong>Werner Sonnhoff<\/strong><\/td><td>1:0<\/td><td>Christian Samtleben<\/td><\/tr><tr><td><strong>David Meuer<\/strong><\/td><td>1:0<\/td><td>Friedhelm Schneider<\/td><\/tr><tr><td>Kurt Sanner<\/td><td>r (1:2 Blitz)<\/td><td><strong>Leo Ke\u00dfler<\/strong><\/td><\/tr><tr><td>Jonas Stenz<\/td><td>0:1<\/td><td><strong>Stephan Meuer<\/strong><\/td><\/tr><tr><td>Peter Schreieck<\/td><td>0:1<\/td><td><strong>Joshua Lenz<\/strong><\/td><\/tr><tr><td><strong>Fabian Mader<\/strong><\/td><td>1:0<\/td><td>Martin Schmidt<\/td><\/tr><tr><td>Lorenz M\u00fcller<\/td><td>0:1<\/td><td><strong>Lasse Werling<\/strong><\/td><\/tr><tr><td><strong>Michael Linke<\/strong><\/td><td>Freilos<\/td><td><strong>&nbsp;<\/strong><\/td><\/tr><\/tbody><\/table><\/figure>\n\n\n\n<p>Auslosung der 2. Runde (Spieltag am 30. September).<\/p>\n\n\n\n<figure class=\"wp-block-table\"><table><tbody><tr><td>Werner Sonnhoff<\/td><td>&nbsp;<\/td><td>Leo Ke\u00dfler<\/td><\/tr><tr><td>Stephan Meuer<\/td><td>&nbsp;<\/td><td>David Meuer<\/td><\/tr><tr><td>Michael Linke<\/td><td>&nbsp;<\/td><td>Fabian Mader<\/td><\/tr><tr><td>Lasse Werling<\/td><td>&nbsp;<\/td><td>Joshua Lenz<\/td><\/tr><\/tbody><\/table><\/figure>\n","protected":false},"excerpt":{"rendered":"<p>Bericht von Turnierleiter Michael Sefeloge Mit 15 Teilnehmern konnte der diesj\u00e4hrige Vereinspokal gestartet werden, deutlich mehr als im letzten Jahr. Da im Pokal frei gelost wird, kann es bereits in [&hellip;]<\/p>\n","protected":false},"author":4,"featured_media":0,"comment_status":"open","ping_status":"open","sticky":false,"template":"","format":"standard","meta":{"footnotes":""},"categories":[1],"tags":[],"_links":{"self":[{"href":"https:\/\/turm-lahnstein.de\/index.php?rest_route=\/wp\/v2\/posts\/5867"}],"collection":[{"href":"https:\/\/turm-lahnstein.de\/index.php?rest_route=\/wp\/v2\/posts"}],"about":[{"href":"https:\/\/turm-lahnstein.de\/index.php?rest_route=\/wp\/v2\/types\/post"}],"author":[{"embeddable":true,"href":"https:\/\/turm-lahnstein.de\/index.php?rest_route=\/wp\/v2\/users\/4"}],"replies":[{"embeddable":true,"href":"https:\/\/turm-lahnstein.de\/index.php?rest_route=%2Fwp%2Fv2%2Fcomments&post=5867"}],"version-history":[{"count":1,"href":"https:\/\/turm-lahnstein.de\/index.php?rest_route=\/wp\/v2\/posts\/5867\/revisions"}],"predecessor-version":[{"id":5868,"href":"https:\/\/turm-lahnstein.de\/index.php?rest_route=\/wp\/v2\/posts\/5867\/revisions\/5868"}],"wp:attachment":[{"href":"https:\/\/turm-lahnstein.de\/index.php?rest_route=%2Fwp%2Fv2%2Fmedia&parent=5867"}],"wp:term":[{"taxonomy":"category","embeddable":true,"href":"https:\/\/turm-lahnstein.de\/index.php?rest_route=%2Fwp%2Fv2%2Fcategories&post=5867"},{"taxonomy":"post_tag","embeddable":true,"href":"https:\/\/turm-lahnstein.de\/index.php?rest_route=%2Fwp%2Fv2%2Ftags&post=5867"}],"curies":[{"name":"wp","href":"https:\/\/api.w.org\/{rel}","templated":true}]}}