{"id":5862,"date":"2022-09-15T11:02:54","date_gmt":"2022-09-15T11:02:54","guid":{"rendered":"https:\/\/turm-lahnstein.de\/?p=5862"},"modified":"2022-09-15T11:03:05","modified_gmt":"2022-09-15T11:03:05","slug":"pressebericht-erfolgreiche-lahnsteiner-bei-bezirks-jugendmeisterschaft","status":"publish","type":"post","link":"https:\/\/turm-lahnstein.de\/?p=5862","title":{"rendered":"Pressebericht: Erfolgreiche Lahnsteiner bei Bezirks-Jugendmeisterschaft"},"content":{"rendered":"\n<figure class=\"wp-block-image size-full\"><img loading=\"lazy\" decoding=\"async\" width=\"254\" height=\"248\" src=\"https:\/\/turm-lahnstein.de\/wp-content\/uploads\/2012\/09\/friedhelm_col.jpg\" alt=\"\" class=\"wp-image-68\"\/><\/figure>\n\n\n\n<p>Die Jugendmeisterschaften des Schachbezirks Rhein-Nahe fanden in diesem Jahr in der Jugendherberge Daun statt. Die Tatsache, dass der Schachverein Turm Lahnstein mit zwanzig Kindern und Jugendlichen die meisten Teilnehmer stellte, zeigt die herausragende Stellung der Jugendarbeit des Vereins am Zusammenfluss von Rhein und Lahn.<\/p>\n\n\n\n<!--more-->\n\n\n\n<p>Insgesamt tr\u00fcbte die \u00fcberschaubare Teilnehmerzahl des Turniers in den \u00e4lteren Altersklassen etwas den sehr guten Gesamteindruck, aber neben dem rein sportlichen Ereignis&nbsp; macht immer wieder das freundschaftliche und spielerische Miteinander allen Kindern und Jugendlichen bei dem viert\u00e4gigen Event viel Spa\u00df.<\/p>\n\n\n\n<p>Bei den Lahnsteinern stimmten dar\u00fcber hinaus auch die Ergebnisse. Mit Niclas Elbert (U 12), Patrick Br\u00fchl (U 14) , Lasse Werling (U 16)&nbsp; und Lea Hoppe (U 10 M\u00e4dchen) sicherten sich gleich vier einen Bezirksmeistertitel in der jeweiligen Altersklasse und die Teilnahme an den Jugend-Rheinlandmeisterschaften.&nbsp;<\/p>\n\n\n\n<p>In der U 12 tummelten sich die meisten Lahnsteiner und neben Niclas freuten sich Leo Ke\u00dfler, Zhang Hao Dong und Finn Buchheim \u00fcber die Pl\u00e4tze 3 bis 5, die auch die Qualifikation zur Rheinlandmeisterschaft bedeuten. In der Altersklasse waren auch Yannik Barz, Julius Hoppe, Vincent Oehl, Ren Sunaga, Paul Sawazki und Sora Redert dabei.<\/p>\n\n\n\n<p>In der U 10 lagen Til Ke\u00dfler und Jaron Lenz in der oberen Tabellenh\u00e4lfte und Josefine Oehl sowie Lennard Sunaga punkteten in der unteren H\u00e4lfte.<\/p>\n\n\n\n<p>In der U 14 sicherte sich neben Patrick Br\u00fchl, der ein 100%iges Ergebnis holte, mit Clemens Oehl ein weiterer Lahnsteiner den vierten Rang. Die Altersklassen U 16 und U 18 trugen ein gemeinsames Turnier aus. Joshua Lenz belegte bei nur einer Niederlage gegen den Erstplatzierten einen \u00fcberzeugenden zweiten Platz und hat gute Chancen, als zweiter der U 18 die Rheinlandmeisterschaft mitspielen zu k\u00f6nnen. Christian Samtleben wurde bei der U 16 ebenfalls Zweiter hinter seinem Vereinskamerad Lasse Werling.&nbsp;&nbsp;&nbsp;&nbsp;&nbsp;&nbsp;&nbsp; &nbsp;&nbsp;&nbsp;&nbsp;&nbsp;&nbsp;<\/p>\n\n\n\n<p>Die Jugend-Rheinlandmeisterschaften finden in den Herbstferien in der Jugendherberge Cochem statt.&nbsp;&nbsp;<\/p>\n","protected":false},"excerpt":{"rendered":"<p>Die Jugendmeisterschaften des Schachbezirks Rhein-Nahe fanden in diesem Jahr in der Jugendherberge Daun statt. Die Tatsache, dass der Schachverein Turm Lahnstein mit zwanzig Kindern und Jugendlichen die meisten Teilnehmer stellte, [&hellip;]<\/p>\n","protected":false},"author":4,"featured_media":0,"comment_status":"open","ping_status":"open","sticky":false,"template":"","format":"standard","meta":{"footnotes":""},"categories":[1],"tags":[],"_links":{"self":[{"href":"https:\/\/turm-lahnstein.de\/index.php?rest_route=\/wp\/v2\/posts\/5862"}],"collection":[{"href":"https:\/\/turm-lahnstein.de\/index.php?rest_route=\/wp\/v2\/posts"}],"about":[{"href":"https:\/\/turm-lahnstein.de\/index.php?rest_route=\/wp\/v2\/types\/post"}],"author":[{"embeddable":true,"href":"https:\/\/turm-lahnstein.de\/index.php?rest_route=\/wp\/v2\/users\/4"}],"replies":[{"embeddable":true,"href":"https:\/\/turm-lahnstein.de\/index.php?rest_route=%2Fwp%2Fv2%2Fcomments&post=5862"}],"version-history":[{"count":3,"href":"https:\/\/turm-lahnstein.de\/index.php?rest_route=\/wp\/v2\/posts\/5862\/revisions"}],"predecessor-version":[{"id":5865,"href":"https:\/\/turm-lahnstein.de\/index.php?rest_route=\/wp\/v2\/posts\/5862\/revisions\/5865"}],"wp:attachment":[{"href":"https:\/\/turm-lahnstein.de\/index.php?rest_route=%2Fwp%2Fv2%2Fmedia&parent=5862"}],"wp:term":[{"taxonomy":"category","embeddable":true,"href":"https:\/\/turm-lahnstein.de\/index.php?rest_route=%2Fwp%2Fv2%2Fcategories&post=5862"},{"taxonomy":"post_tag","embeddable":true,"href":"https:\/\/turm-lahnstein.de\/index.php?rest_route=%2Fwp%2Fv2%2Ftags&post=5862"}],"curies":[{"name":"wp","href":"https:\/\/api.w.org\/{rel}","templated":true}]}}