{"id":586,"date":"2013-05-21T07:10:33","date_gmt":"2013-05-21T07:10:33","guid":{"rendered":"http:\/\/turmlahnstein.wordpress.com\/?p=586"},"modified":"2013-05-21T07:10:33","modified_gmt":"2013-05-21T07:10:33","slug":"3-lahnsteiner-bei-der-dem2013","status":"publish","type":"post","link":"https:\/\/turm-lahnstein.de\/?p=586","title":{"rendered":"3 Lahnsteiner bei der DEM2013"},"content":{"rendered":"<p><img loading=\"lazy\" decoding=\"async\" class=\"alignleft size-medium wp-image-588\" alt=\"lukasDEM\" src=\"https:\/\/turm-lahnstein.de\/wp-content\/uploads\/2013\/05\/lukasdem.jpg?w=300\" width=\"300\" height=\"225\" srcset=\"https:\/\/turm-lahnstein.de\/wp-content\/uploads\/2013\/05\/lukasdem.jpg 1000w, https:\/\/turm-lahnstein.de\/wp-content\/uploads\/2013\/05\/lukasdem-300x225.jpg 300w, https:\/\/turm-lahnstein.de\/wp-content\/uploads\/2013\/05\/lukasdem-768x576.jpg 768w\" sizes=\"(max-width: 300px) 100vw, 300px\" \/> Peter Ley begleitete unsere Spieler auf dem Weg zur DEM und berichtet \u00fcber die ersten zwei \u00fcberaus erfolgreiche Tage!<\/p>\n<p><!--more--><\/p>\n<p>Zum dritten Mal war ich nun Begleiter bei der DEM. Leider konnte ich mir dieses Jahr nur zwei Spiele vor Ort anschauen. In der ODEM-A spielte Lukas mit und konnte sein erstes Spiel nach etwas verhaltener Er\u00f6ffnung locker nach Hause fahren. In der zweiten Runde war er klarer Aussenseiter gegen den Heidesheimer Beck. Er konnte die dynamische Partie jedoch im Gleichgewicht halten und wo einigten sich beide logischer Weise auf Remis. Ein guter Start f\u00fcr unsere Nachwuchshoffnung.<\/p>\n<p><a href=\"https:\/\/turm-lahnstein.de\/wp-content\/uploads\/2013\/05\/lukasdem.jpg\"><img loading=\"lazy\" decoding=\"async\" class=\"aligncenter size-large wp-image-588\" alt=\"lukasDEM\" src=\"https:\/\/turm-lahnstein.de\/wp-content\/uploads\/2013\/05\/lukasdem.jpg?w=611\" width=\"611\" height=\"458\" srcset=\"https:\/\/turm-lahnstein.de\/wp-content\/uploads\/2013\/05\/lukasdem.jpg 1000w, https:\/\/turm-lahnstein.de\/wp-content\/uploads\/2013\/05\/lukasdem-300x225.jpg 300w, https:\/\/turm-lahnstein.de\/wp-content\/uploads\/2013\/05\/lukasdem-768x576.jpg 768w\" sizes=\"(max-width: 611px) 100vw, 611px\" \/><\/a><\/p>\n<p>In der ODEM-B ist Alina im Einsatz. Etwas Gl\u00fcck in der ersten Partie. Erst steht sie besser und gewinnt einen Bauern. Danach ist sie etwas zu optimistisch und ihre Springer verirren sich. Es sieht so aus als w\u00fcrde einer verloren gehen. Sie bietet vorsorglich Remis an, der Gegner lehnt ab und greift fehl. Jetzt greifen die Springer mit an und sie l\u00e4sst sich das nicht mehr nehmen. In Runde 2 gewinnt sie im Mittelspiel einen Bauern und tauscht danach die Figuren ab. Das entstehende Turmendspiel ist nicht so einfach, sie spielt aber technisch sauber und gewinnt sicher, echt klasse. Sie ordnet sich nun mit oben in der Tabelle ein.<\/p>\n<p><a href=\"https:\/\/turm-lahnstein.de\/wp-content\/uploads\/2013\/05\/alinadem.jpg\"><img loading=\"lazy\" decoding=\"async\" class=\"aligncenter size-large wp-image-589\" alt=\"alinaDEM\" src=\"https:\/\/turm-lahnstein.de\/wp-content\/uploads\/2013\/05\/alinadem.jpg?w=611\" width=\"611\" height=\"458\" srcset=\"https:\/\/turm-lahnstein.de\/wp-content\/uploads\/2013\/05\/alinadem.jpg 1000w, https:\/\/turm-lahnstein.de\/wp-content\/uploads\/2013\/05\/alinadem-300x225.jpg 300w, https:\/\/turm-lahnstein.de\/wp-content\/uploads\/2013\/05\/alinadem-768x576.jpg 768w\" sizes=\"(max-width: 611px) 100vw, 611px\" \/><\/a><\/p>\n<p>Sabrina spielt in der U14w mit und gleich in der ersten Runde ging es gegen die Nr.5 der Setzliste mit den schwarzen Steinen. Nach v\u00f6llig vergeigter Er\u00f6ffnung, was ganz allein an ihr lag kam sie zur\u00fcck ins Spiel und es wurde richtig wild auf dem Brett. Dummerweise drohte sie Matt und \u00fcbersah das der Gegner einen Turm mit seinem Bauern auf der Grundlinie schlagen konnte und dies mit Schach durch eine Springerumwandlung . Gerade das wurde beim letzten Training noch ge\u00fcbt. In der zweiten Partie war sie favorisiert, kam aber in eine richtig schwierige Stellung. Gl\u00fccklicherweise sah die Gegnerin die aussichtsreichen Fortsetzungen nicht. Mit etwas Geschick konnte sie das Spiel drehen. Mit 1\/2 ist jetzt noch alles offen.<\/p>\n<p><a href=\"https:\/\/turm-lahnstein.de\/wp-content\/uploads\/2013\/05\/sabrinadem.jpg\"><img loading=\"lazy\" decoding=\"async\" class=\"aligncenter size-large wp-image-587\" alt=\"sabrinaDEM\" src=\"https:\/\/turm-lahnstein.de\/wp-content\/uploads\/2013\/05\/sabrinadem.jpg?w=611\" width=\"611\" height=\"458\" srcset=\"https:\/\/turm-lahnstein.de\/wp-content\/uploads\/2013\/05\/sabrinadem.jpg 1000w, https:\/\/turm-lahnstein.de\/wp-content\/uploads\/2013\/05\/sabrinadem-300x225.jpg 300w, https:\/\/turm-lahnstein.de\/wp-content\/uploads\/2013\/05\/sabrinadem-768x576.jpg 768w\" sizes=\"(max-width: 611px) 100vw, 611px\" \/><\/a><\/p>\n<p>Hier sollte mein kleiner Zwischenbericht eigentlich enden. Aber nach der Auslosung war klar Alina und Sabrina hatten sich auf die Livebretter gespielt. Also schnell von Oberhof nach Hause und ab an den PC. Gerade noch rechtzeitig um den Ausgang der Er\u00f6ffnung zu beobachten. Beide gegen die deutlich favorisierten Gegner noch ausgeglichen. Der entfernte Bauer Alinas war gef\u00e4hrdet und damit auch die Partie. Sie konnte jedoch sehr geschickt die Stellung im Gleichgewicht halten. Als im Internet die Punkteteilung eingegeben wurde, war ich und der ebenfalls mitfiebernde Jugendleiter erleichtert.<\/p>\n<p>Sabrina hatte die Nr.3 der Setzliste Mitfavoritin Lea Maria Brandl mit Schwarz am Brett. Eine wohl zu schwierige Aufgabe. Von Andrej perfekt vorbereitet gefiel uns die Mittelspielstellung. Auch wenn es im Gleichgewicht stand, waren wir die Meinung , dass sie Sabrina lag und vielleicht einfacher f\u00fcr Schwarz zu spielen sei. So sollte es auch sein. Zun\u00e4chst verpasste Sabrina einige aussichtsreiche Chancen, dann hatte die ehemalige deutsche Meisterin einmal zu oft fehl gegriffen und Sabrina schlug zu. Meine Nerven sind am Ende und ich brauche einen Beruhigungstee.<\/p>\n<p>Leider verlor Lukas sein 3.Spiel gegen einen deutlich H\u00f6hergesetzten.<\/p>\n","protected":false},"excerpt":{"rendered":"<p>Peter Ley begleitete unsere Spieler auf dem Weg zur DEM und berichtet \u00fcber die ersten zwei \u00fcberaus erfolgreiche Tage!<\/p>\n","protected":false},"author":2,"featured_media":0,"comment_status":"open","ping_status":"open","sticky":false,"template":"","format":"standard","meta":{"footnotes":""},"categories":[150],"tags":[71,57,77,83,78],"_links":{"self":[{"href":"https:\/\/turm-lahnstein.de\/index.php?rest_route=\/wp\/v2\/posts\/586"}],"collection":[{"href":"https:\/\/turm-lahnstein.de\/index.php?rest_route=\/wp\/v2\/posts"}],"about":[{"href":"https:\/\/turm-lahnstein.de\/index.php?rest_route=\/wp\/v2\/types\/post"}],"author":[{"embeddable":true,"href":"https:\/\/turm-lahnstein.de\/index.php?rest_route=\/wp\/v2\/users\/2"}],"replies":[{"embeddable":true,"href":"https:\/\/turm-lahnstein.de\/index.php?rest_route=%2Fwp%2Fv2%2Fcomments&post=586"}],"version-history":[{"count":0,"href":"https:\/\/turm-lahnstein.de\/index.php?rest_route=\/wp\/v2\/posts\/586\/revisions"}],"wp:attachment":[{"href":"https:\/\/turm-lahnstein.de\/index.php?rest_route=%2Fwp%2Fv2%2Fmedia&parent=586"}],"wp:term":[{"taxonomy":"category","embeddable":true,"href":"https:\/\/turm-lahnstein.de\/index.php?rest_route=%2Fwp%2Fv2%2Fcategories&post=586"},{"taxonomy":"post_tag","embeddable":true,"href":"https:\/\/turm-lahnstein.de\/index.php?rest_route=%2Fwp%2Fv2%2Ftags&post=586"}],"curies":[{"name":"wp","href":"https:\/\/api.w.org\/{rel}","templated":true}]}}