{"id":5759,"date":"2022-07-04T17:53:42","date_gmt":"2022-07-04T17:53:42","guid":{"rendered":"https:\/\/turm-lahnstein.de\/?p=5759"},"modified":"2022-07-05T10:58:20","modified_gmt":"2022-07-05T10:58:20","slug":"5759","status":"publish","type":"post","link":"https:\/\/turm-lahnstein.de\/?p=5759","title":{"rendered":"<Vereinsmeisterschaft 2022"},"content":{"rendered":"\n<p><strong>Fabian Mader gewinnt \u00fcberlegen seinen ersten Vereinstitel<\/strong><\/p>\n\n\n\n<p><em>Bericht von Turnierleiter Michael Sefeloge<\/em><\/p>\n\n\n\n<p>Wie im Vorjahr konnte auch diesmal unsere VM traditionell nicht im Januar beginnen. Wir mussten bis Ende M\u00e4rz warten, bevor es losgehen konnte. Dann aber wurde hart um jeden Punkt gerungen, trotz oder vielleicht auch wegen der nur zehn Teilnehmer. Wer die wenigsten Ausrutscher hinnehmen musste, hatte gute Chancen auf den Titel\u2026<\/p>\n\n\n\n<!--more-->\n\n\n\n<p>Dies gelang am besten Fabian Mader, der sich mit 14 Jahren zum j\u00fcngsten Vereinsmeister unserer Vereinsgeschichte kr\u00f6nte. Er gewann die ersten f\u00fcnf Partien und wurde dann von Friedhelm Schneider erst einmal etwas eingebremst. In der letzten Runde wartete Lasse Werling auf ihn, der sich gut auf Fabian eingestellt hatte und einen harten Kampf ablieferte. Es ging \u00fcber die volle Distanz, erst in einem reinen Bauernendspiel konnte Fabian mit zwei gegen einen Bauern gewinnen.<\/p>\n\n\n\n<p>Den zweiten Platz mit f\u00fcnf Punkten und der geringf\u00fcgig besseren Wertung errang Peter Schreieck, der sich nach seiner langen und schweren Krankheit gut erholt zeigte und nur gegen den Vereinsmeister verlor. Besonders seine Gewinnpartie gegen den mehrfachen Vereinsmeister Friedhelm Schneider war stark und \u00fcberzeugend.<\/p>\n\n\n\n<p>Dass Friedhelm Schneider nach seinem Fehlstart mit einem Punkt aus drei Partien mit f\u00fcnf Punkten noch den dritten Platz belegen konnte, zeigt, mit welchem Kampfeswillen er jede Partie angeht. Nur die etwas schlechtere Zweitwertung verhinderte die Vize-Meisterschaft. Au\u00dferdem war er der erfolgreichste Spieler \u00dc60.<\/p>\n\n\n\n<p>Vorjahressieger Ralf Teichgr\u00e4ber belegte den vierten Platz mit vier Punkten und der etwas besseren Wertung vor Michael Linke, der zum ersten Mal mitspielte. Fast schien es, als habe dieser mehr mit der kurzen Bedenkzeit zu k\u00e4mpfen als mit den Gegnern. In der unteren H\u00e4lfte der Tabelle sind die Spieler anzutreffen, die man vor dem Turnier auch dort vermutet hatte. Mit Ausnahme vielleicht von Joshua Lenz, dem diesmal sicher \u00fcberraschend wenig gelang. Und das fast zur gleichen Zeit, wo er in der Bezirksliga mit 5\/5 ein 100%-Ergebnis erzielte.<\/p>\n\n\n\n<p>Durch den Titelgewinn von Fabian wurde Lasse Werling Jugend-Vereinsmeister 2022. Er spielte st\u00e4rker, als das Endergebnis aussagt. Seine Niederlage in der f\u00fcnften Runde gegen Martin Schmidt verhinderte wahrscheinlich eine bessere Platzierung.<\/p>\n\n\n\n<p>7. Runde<\/p>\n\n\n\n<figure class=\"wp-block-table\"><table><tbody><tr><td>Fabian Mader<\/td><td>1:0<\/td><td>Lasse Werling<\/td><\/tr><tr><td>Friedhelm Schneider<\/td><td>1:0<\/td><td>Michael Linke<\/td><\/tr><tr><td>Peter Schreieck<\/td><td>+:-<\/td><td>Christian Samtleben<\/td><\/tr><tr><td>Ralf Teichgr\u00e4ber<\/td><td>1:0<\/td><td>Martin Schmidt<\/td><\/tr><tr><td>Joshua Lenz<\/td><td>r<\/td><td>Michael Sefeloge<\/td><\/tr><\/tbody><\/table><\/figure>\n\n\n\n<p>Schlusstabelle<\/p>\n\n\n\n<figure class=\"wp-block-table\"><table><tbody><tr><td><strong>R<\/strong><\/td><td><strong>Teilnehmer<\/strong><\/td><td><strong>DWZ<\/strong><\/td><td><strong>G<\/strong><\/td><td><strong>S<\/strong><\/td><td><strong>R<\/strong><\/td><td><strong>V<\/strong><\/td><td><strong>Punkte<\/strong><\/td><td><strong>BH<\/strong><\/td><td><strong>SB<\/strong><\/td><\/tr><tr><td>&nbsp;<\/td><td>&nbsp;<\/td><td>&nbsp;<\/td><td>&nbsp;<\/td><td>&nbsp;<\/td><td>&nbsp;<\/td><td>&nbsp;<\/td><td>&nbsp;<\/td><td>&nbsp;<\/td><td>&nbsp;<\/td><\/tr><tr><td>01<\/td><td>Fabian Mader<\/td><td>1634<\/td><td>7<\/td><td>6<\/td><td>0<\/td><td>1<\/td><td>6.0<\/td><td>23.5<\/td><td>18.50<\/td><\/tr><tr><td>02<\/td><td>Peter Schreieck<\/td><td>1708<\/td><td>7<\/td><td>4<\/td><td>2<\/td><td>1<\/td><td>5.0<\/td><td>27.0<\/td><td>18.25<\/td><\/tr><tr><td>03<\/td><td>Friedhelm Schneider<\/td><td>1859<\/td><td>7<\/td><td>5<\/td><td>0<\/td><td>2<\/td><td>5.0<\/td><td>26.5<\/td><td>18.00<\/td><\/tr><tr><td>04<\/td><td>Ralf Teichgr\u00e4ber<\/td><td>1918<\/td><td>7<\/td><td>3<\/td><td>2<\/td><td>2<\/td><td>4.0<\/td><td>27.5<\/td><td>12.75<\/td><\/tr><tr><td>05<\/td><td>Michael Linke<\/td><td>1699<\/td><td>7<\/td><td>3<\/td><td>2<\/td><td>2<\/td><td>4.0<\/td><td>26.5<\/td><td>11.00<\/td><\/tr><tr><td>06<\/td><td>Michael Sefeloge<\/td><td>1608<\/td><td>7<\/td><td>2<\/td><td>2<\/td><td>3<\/td><td>3.0<\/td><td>22.0<\/td><td>5.75<\/td><\/tr><tr><td>07<\/td><td>Lasse Werling<\/td><td>1387<\/td><td>7<\/td><td>1<\/td><td>3<\/td><td>3<\/td><td>2.5<\/td><td>23.5<\/td><td>6.00<\/td><\/tr><tr><td>08<\/td><td>Christian Samtleben<\/td><td>1252<\/td><td>7<\/td><td>1<\/td><td>2<\/td><td>4<\/td><td>2.5<\/td><td>22.5<\/td><td>4.00<\/td><\/tr><tr><td>09<\/td><td>Joshua Lenz<\/td><td>1624<\/td><td>7<\/td><td>1<\/td><td>2<\/td><td>4<\/td><td>2.0<\/td><td>24.0<\/td><td>3.50<\/td><\/tr><tr><td>10<\/td><td>Martin Schmidt<\/td><td>1164<\/td><td>7<\/td><td>1<\/td><td>0<\/td><td>6<\/td><td>1.0<\/td><td>25.0<\/td><td>2.00<\/td><\/tr><\/tbody><\/table><\/figure>\n\n\n\n<p>Die Siegerehrung findet am 5. August w\u00e4hrend des nachgeholten Weihnachtsturniers f\u00fcr 2021 statt.<\/p>\n","protected":false},"excerpt":{"rendered":"<p>Fabian Mader gewinnt \u00fcberlegen seinen ersten Vereinstitel Bericht von Turnierleiter Michael Sefeloge Wie im Vorjahr konnte auch diesmal unsere VM traditionell nicht im Januar beginnen. Wir mussten bis Ende M\u00e4rz [&hellip;]<\/p>\n","protected":false},"author":4,"featured_media":0,"comment_status":"open","ping_status":"open","sticky":false,"template":"","format":"standard","meta":{"footnotes":""},"categories":[1],"tags":[],"_links":{"self":[{"href":"https:\/\/turm-lahnstein.de\/index.php?rest_route=\/wp\/v2\/posts\/5759"}],"collection":[{"href":"https:\/\/turm-lahnstein.de\/index.php?rest_route=\/wp\/v2\/posts"}],"about":[{"href":"https:\/\/turm-lahnstein.de\/index.php?rest_route=\/wp\/v2\/types\/post"}],"author":[{"embeddable":true,"href":"https:\/\/turm-lahnstein.de\/index.php?rest_route=\/wp\/v2\/users\/4"}],"replies":[{"embeddable":true,"href":"https:\/\/turm-lahnstein.de\/index.php?rest_route=%2Fwp%2Fv2%2Fcomments&post=5759"}],"version-history":[{"count":2,"href":"https:\/\/turm-lahnstein.de\/index.php?rest_route=\/wp\/v2\/posts\/5759\/revisions"}],"predecessor-version":[{"id":5761,"href":"https:\/\/turm-lahnstein.de\/index.php?rest_route=\/wp\/v2\/posts\/5759\/revisions\/5761"}],"wp:attachment":[{"href":"https:\/\/turm-lahnstein.de\/index.php?rest_route=%2Fwp%2Fv2%2Fmedia&parent=5759"}],"wp:term":[{"taxonomy":"category","embeddable":true,"href":"https:\/\/turm-lahnstein.de\/index.php?rest_route=%2Fwp%2Fv2%2Fcategories&post=5759"},{"taxonomy":"post_tag","embeddable":true,"href":"https:\/\/turm-lahnstein.de\/index.php?rest_route=%2Fwp%2Fv2%2Ftags&post=5759"}],"curies":[{"name":"wp","href":"https:\/\/api.w.org\/{rel}","templated":true}]}}