{"id":5756,"date":"2022-06-30T07:27:27","date_gmt":"2022-06-30T07:27:27","guid":{"rendered":"https:\/\/turm-lahnstein.de\/?p=5756"},"modified":"2022-06-30T07:27:27","modified_gmt":"2022-06-30T07:27:27","slug":"pressebericht-mannschaftsspieljahr-komplett-abgeschlossen","status":"publish","type":"post","link":"https:\/\/turm-lahnstein.de\/?p=5756","title":{"rendered":"Pressebericht: Mannschaftsspieljahr komplett abgeschlossen"},"content":{"rendered":"\n<figure class=\"wp-block-image size-full\"><img loading=\"lazy\" decoding=\"async\" width=\"254\" height=\"248\" src=\"https:\/\/turm-lahnstein.de\/wp-content\/uploads\/2012\/09\/friedhelm_col.jpg\" alt=\"\" class=\"wp-image-68\"\/><\/figure>\n\n\n\n<p>Die dritte Mannschaft des Schachvereins Turm Lahnstein hatte noch ein Spiel in der B-Klasse Rhein-Nahe zu absolvieren. Damit ist jetzt die Mannschaftssaison 2021\/22 in allen Klassen abgeschlossen.<\/p>\n\n\n\n<!--more-->\n\n\n\n<p> Stephan Meuer, Christian Samtleben,\u00a0 Martin Schmidt, Peter Bida, Patrick Br\u00fchl und Franziska Herbel\u00a0 bildeten den Kader der dritten Mannschaft, die wie viele andere ein durch Spielabsagen und Verlegungen gepr\u00e4gtes Spieljahr, das nur als \u00dcbergang gesehen werden kann, erlebten. Die Vorbereitungen f\u00fcr das kommende Spieljahr laufen inzwischen auf Hochtouren.\u00a0\u00a0\u00a0\u00a0\u00a0\u00a0<\/p>\n","protected":false},"excerpt":{"rendered":"<p>Die dritte Mannschaft des Schachvereins Turm Lahnstein hatte noch ein Spiel in der B-Klasse Rhein-Nahe zu absolvieren. Damit ist jetzt die Mannschaftssaison 2021\/22 in allen Klassen abgeschlossen.<\/p>\n","protected":false},"author":4,"featured_media":0,"comment_status":"open","ping_status":"open","sticky":false,"template":"","format":"standard","meta":{"footnotes":""},"categories":[1],"tags":[],"_links":{"self":[{"href":"https:\/\/turm-lahnstein.de\/index.php?rest_route=\/wp\/v2\/posts\/5756"}],"collection":[{"href":"https:\/\/turm-lahnstein.de\/index.php?rest_route=\/wp\/v2\/posts"}],"about":[{"href":"https:\/\/turm-lahnstein.de\/index.php?rest_route=\/wp\/v2\/types\/post"}],"author":[{"embeddable":true,"href":"https:\/\/turm-lahnstein.de\/index.php?rest_route=\/wp\/v2\/users\/4"}],"replies":[{"embeddable":true,"href":"https:\/\/turm-lahnstein.de\/index.php?rest_route=%2Fwp%2Fv2%2Fcomments&post=5756"}],"version-history":[{"count":1,"href":"https:\/\/turm-lahnstein.de\/index.php?rest_route=\/wp\/v2\/posts\/5756\/revisions"}],"predecessor-version":[{"id":5757,"href":"https:\/\/turm-lahnstein.de\/index.php?rest_route=\/wp\/v2\/posts\/5756\/revisions\/5757"}],"wp:attachment":[{"href":"https:\/\/turm-lahnstein.de\/index.php?rest_route=%2Fwp%2Fv2%2Fmedia&parent=5756"}],"wp:term":[{"taxonomy":"category","embeddable":true,"href":"https:\/\/turm-lahnstein.de\/index.php?rest_route=%2Fwp%2Fv2%2Fcategories&post=5756"},{"taxonomy":"post_tag","embeddable":true,"href":"https:\/\/turm-lahnstein.de\/index.php?rest_route=%2Fwp%2Fv2%2Ftags&post=5756"}],"curies":[{"name":"wp","href":"https:\/\/api.w.org\/{rel}","templated":true}]}}