{"id":5750,"date":"2022-06-18T18:25:32","date_gmt":"2022-06-18T18:25:32","guid":{"rendered":"https:\/\/turm-lahnstein.de\/?p=5750"},"modified":"2022-06-18T18:25:32","modified_gmt":"2022-06-18T18:25:32","slug":"vereinsmeisterschaft-2022-6","status":"publish","type":"post","link":"https:\/\/turm-lahnstein.de\/?p=5750","title":{"rendered":"Vereinsmeisterschaft 2022"},"content":{"rendered":"\n<p><em>Bericht von Turnierleiter Michael Sefeloge<\/em><\/p>\n\n\n\n<p>6. Runde<\/p>\n\n\n\n<p>Obwohl f\u00fcr diese Runde drei Wochen Zeit zur Verf\u00fcgung standen, gab es leider zwei kampflose Partien. F\u00fcr Wei\u00df gab es diesmal nichts zu gewinnen.<\/p>\n\n\n\n<p>Rechtzeitig gespielt hatten Fabian Mader und Friedhelm Schneider, wobei es dem Schwarzen gelang, nach hartem Kampf den Siegeslauf von Fabian zu unterbrechen.<\/p>\n\n\n\n<!--more-->\n\n\n\n<p>Michael Linke gewann gegen Martin Schmidt und positionierte sich weiterhin in der Verfolgergruppe.<\/p>\n\n\n\n<p>Dies gelang auch Peter Schreieck, der den Turnierleiter auf Distanz hielt. Klar war die Angelegenheit aber bis zum Schluss nicht, die Schachblindheit schlug n\u00e4mlich bei mir mal wieder zu, indem ich einen ungedeckten Springer mit meinem K\u00f6nig einfach nicht schlug, sondern mich mit noch zwei Minuten auf der Uhr f\u00fcr einen anderen Weg entschied, der dann zum Verlust f\u00fchrte.<\/p>\n\n\n\n<p>Ergebnisse<\/p>\n\n\n\n<figure class=\"wp-block-table\"><table><tbody><tr><td>Fabian Mader<\/td><td>0:1<\/td><td>Friedhelm Schneider<\/td><\/tr><tr><td>Michael Sefeloge<\/td><td>0:1<\/td><td>Peter Schreieck<\/td><\/tr><tr><td>Ralf Teichgr\u00e4ber<\/td><td>-:+<\/td><td>Lasse Werling<\/td><\/tr><tr><td>Martin Schmidt<\/td><td>0:1<\/td><td>Michael Linke<\/td><\/tr><tr><td>Joshua Lenz<\/td><td>-:+<\/td><td>Christian Samtleben<\/td><\/tr><\/tbody><\/table><\/figure>\n\n\n\n<p>Tabelle nach sechs Runden<\/p>\n\n\n\n<figure class=\"wp-block-table\"><table><tbody><tr><td><strong>Rang<\/strong><\/td><td><strong>Teilnehmer<\/strong><\/td><td><strong>DWZ<\/strong><\/td><td><strong>Punkte<\/strong><\/td><td><strong>BH<\/strong><\/td><td><strong>SB<\/strong><\/td><\/tr><tr><td>&nbsp;<\/td><td>&nbsp;<\/td><td>&nbsp;<\/td><td>&nbsp;<\/td><td>&nbsp;<\/td><td>&nbsp;<\/td><\/tr><tr><td>01<\/td><td>Fabian Mader<\/td><td>1684<\/td><td>5.0<\/td><td>18.5<\/td><td>14.50<\/td><\/tr><tr><td>02<\/td><td>Peter Schreieck<\/td><td>1708<\/td><td>4.0<\/td><td>21.0<\/td><td>12.25<\/td><\/tr><tr><td>03<\/td><td>Friedhelm Schneider<\/td><td>1859<\/td><td>4.0<\/td><td>19.0<\/td><td>11.50<\/td><\/tr><tr><td>04<\/td><td>Michael Linke<\/td><td>1699<\/td><td>4.0<\/td><td>18.0<\/td><td>9.25<\/td><\/tr><tr><td>05<\/td><td>Ralf Teichgr\u00e4ber<\/td><td>1918<\/td><td>3.0<\/td><td>23.0<\/td><td>10.00<\/td><\/tr><tr><td>06<\/td><td>Michael Sefeloge<\/td><td>1608<\/td><td>2.5<\/td><td>17.0<\/td><td>4.00<\/td><\/tr><tr><td>07<\/td><td>Christian Samtleben<\/td><td>1252<\/td><td>2.5<\/td><td>15.0<\/td><td>3.50<\/td><\/tr><tr><td>08<\/td><td>Lasse Werling<\/td><td>1387<\/td><td>2.5<\/td><td>13.0<\/td><td>4.75<\/td><\/tr><tr><td>09<\/td><td>Joshua Lenz<\/td><td>1624<\/td><td>1.5<\/td><td>18.0<\/td><td>2.00<\/td><\/tr><tr><td>10<\/td><td>Martin Schmidt<\/td><td>1164<\/td><td>1.0<\/td><td>17.5<\/td><td>2.00<\/td><\/tr><\/tbody><\/table><\/figure>\n\n\n\n<p>Auslosung der 7. Runde (<strong>Termin 1. Juli 2022<\/strong>)<\/p>\n\n\n\n<figure class=\"wp-block-table\"><table><tbody><tr><td>Fabian Mader<\/td><td>&nbsp;<\/td><td>Lasse Werling<\/td><\/tr><tr><td>Friedhelm Schneider<\/td><td>&nbsp;<\/td><td>Michael Linke<\/td><\/tr><tr><td>Peter Schreieck<\/td><td>&nbsp;<\/td><td>Christian Samtleben<\/td><\/tr><tr><td>Ralf Teichgr\u00e4ber<\/td><td>&nbsp;<\/td><td>Martin Schmidt<\/td><\/tr><tr><td>Joshua Lenz<\/td><td>&nbsp;<\/td><td>Michael Sefeloge<\/td><\/tr><\/tbody><\/table><\/figure>\n","protected":false},"excerpt":{"rendered":"<p>Bericht von Turnierleiter Michael Sefeloge 6. Runde Obwohl f\u00fcr diese Runde drei Wochen Zeit zur Verf\u00fcgung standen, gab es leider zwei kampflose Partien. F\u00fcr Wei\u00df gab es diesmal nichts zu [&hellip;]<\/p>\n","protected":false},"author":4,"featured_media":0,"comment_status":"open","ping_status":"open","sticky":false,"template":"","format":"standard","meta":{"footnotes":""},"categories":[1],"tags":[],"_links":{"self":[{"href":"https:\/\/turm-lahnstein.de\/index.php?rest_route=\/wp\/v2\/posts\/5750"}],"collection":[{"href":"https:\/\/turm-lahnstein.de\/index.php?rest_route=\/wp\/v2\/posts"}],"about":[{"href":"https:\/\/turm-lahnstein.de\/index.php?rest_route=\/wp\/v2\/types\/post"}],"author":[{"embeddable":true,"href":"https:\/\/turm-lahnstein.de\/index.php?rest_route=\/wp\/v2\/users\/4"}],"replies":[{"embeddable":true,"href":"https:\/\/turm-lahnstein.de\/index.php?rest_route=%2Fwp%2Fv2%2Fcomments&post=5750"}],"version-history":[{"count":1,"href":"https:\/\/turm-lahnstein.de\/index.php?rest_route=\/wp\/v2\/posts\/5750\/revisions"}],"predecessor-version":[{"id":5751,"href":"https:\/\/turm-lahnstein.de\/index.php?rest_route=\/wp\/v2\/posts\/5750\/revisions\/5751"}],"wp:attachment":[{"href":"https:\/\/turm-lahnstein.de\/index.php?rest_route=%2Fwp%2Fv2%2Fmedia&parent=5750"}],"wp:term":[{"taxonomy":"category","embeddable":true,"href":"https:\/\/turm-lahnstein.de\/index.php?rest_route=%2Fwp%2Fv2%2Fcategories&post=5750"},{"taxonomy":"post_tag","embeddable":true,"href":"https:\/\/turm-lahnstein.de\/index.php?rest_route=%2Fwp%2Fv2%2Ftags&post=5750"}],"curies":[{"name":"wp","href":"https:\/\/api.w.org\/{rel}","templated":true}]}}