{"id":5730,"date":"2022-06-05T11:11:54","date_gmt":"2022-06-05T11:11:54","guid":{"rendered":"https:\/\/turm-lahnstein.de\/?p=5730"},"modified":"2022-06-05T11:12:46","modified_gmt":"2022-06-05T11:12:46","slug":"fabian-bei-der-djem","status":"publish","type":"post","link":"https:\/\/turm-lahnstein.de\/?p=5730","title":{"rendered":"Fabian bei der DJEM"},"content":{"rendered":"\n<p>Fabian spielt ab heute bei der Deutschen Jugendeinzelmeisterschaft. In den letzten Wochen hat Fabian starke Leistungen gezeigt und wir sind \u00fcberzeugt, dass er auch unter den besten Deutschen Schachspielern seiner Altersklasse mithalten kann.<\/p>\n\n\n\n<!--more-->\n\n\n\n<p>W\u00e4hrend ich diese Zeilen schreibe hat er bereits seine erste Partie gegen einen laut Setzliste st\u00e4rker eingesch\u00e4tzten Spieler recht souver\u00e4n gewonnen.  Erst man\u00f6vrierte er seinen Gegner aus und nutzte dann die entstehende Grundlinienschw\u00e4che. Hier k\u00f6nnt ihr euch die Partie ansehen:<\/p>\n\n\n\n<p> <a href=\"https:\/\/chess24.com\/de\/watch\/live-tournaments\/2022-dem-u14\/1\/1\/8\">Kempe, Caius Emilian vs. Mader, Fabian | U14 Deutsche Einzelmeisterschaft | 2022 | chess24.com<\/a><\/p>\n\n\n\n<p> Wir dr\u00fccken ihm weiter die Daumen und sind gespannt zu was er noch in der Lage ist.<\/p>\n","protected":false},"excerpt":{"rendered":"<p>Fabian spielt ab heute bei der Deutschen Jugendeinzelmeisterschaft. In den letzten Wochen hat Fabian starke Leistungen gezeigt und wir sind \u00fcberzeugt, dass er auch unter den besten Deutschen Schachspielern seiner [&hellip;]<\/p>\n","protected":false},"author":4,"featured_media":0,"comment_status":"open","ping_status":"open","sticky":false,"template":"","format":"standard","meta":{"footnotes":""},"categories":[1],"tags":[],"_links":{"self":[{"href":"https:\/\/turm-lahnstein.de\/index.php?rest_route=\/wp\/v2\/posts\/5730"}],"collection":[{"href":"https:\/\/turm-lahnstein.de\/index.php?rest_route=\/wp\/v2\/posts"}],"about":[{"href":"https:\/\/turm-lahnstein.de\/index.php?rest_route=\/wp\/v2\/types\/post"}],"author":[{"embeddable":true,"href":"https:\/\/turm-lahnstein.de\/index.php?rest_route=\/wp\/v2\/users\/4"}],"replies":[{"embeddable":true,"href":"https:\/\/turm-lahnstein.de\/index.php?rest_route=%2Fwp%2Fv2%2Fcomments&post=5730"}],"version-history":[{"count":2,"href":"https:\/\/turm-lahnstein.de\/index.php?rest_route=\/wp\/v2\/posts\/5730\/revisions"}],"predecessor-version":[{"id":5732,"href":"https:\/\/turm-lahnstein.de\/index.php?rest_route=\/wp\/v2\/posts\/5730\/revisions\/5732"}],"wp:attachment":[{"href":"https:\/\/turm-lahnstein.de\/index.php?rest_route=%2Fwp%2Fv2%2Fmedia&parent=5730"}],"wp:term":[{"taxonomy":"category","embeddable":true,"href":"https:\/\/turm-lahnstein.de\/index.php?rest_route=%2Fwp%2Fv2%2Fcategories&post=5730"},{"taxonomy":"post_tag","embeddable":true,"href":"https:\/\/turm-lahnstein.de\/index.php?rest_route=%2Fwp%2Fv2%2Ftags&post=5730"}],"curies":[{"name":"wp","href":"https:\/\/api.w.org\/{rel}","templated":true}]}}