{"id":5723,"date":"2022-06-01T07:05:36","date_gmt":"2022-06-01T07:05:36","guid":{"rendered":"https:\/\/turm-lahnstein.de\/?p=5723"},"modified":"2022-06-01T07:06:07","modified_gmt":"2022-06-01T07:06:07","slug":"pressebericht-vier-lahnsteiner-jugendmannschaften-bei-der-rheinland-pfalz-meisterschaft","status":"publish","type":"post","link":"https:\/\/turm-lahnstein.de\/?p=5723","title":{"rendered":"Pressebericht: Vier Lahnsteiner Jugendmannschaften bei der Rheinland-Pfalz-Meisterschaft"},"content":{"rendered":"\n<figure class=\"wp-block-image size-full\"><img loading=\"lazy\" decoding=\"async\" width=\"254\" height=\"248\" src=\"https:\/\/turm-lahnstein.de\/wp-content\/uploads\/2012\/09\/friedhelm_col.jpg\" alt=\"\" class=\"wp-image-68\"\/><\/figure>\n\n\n\n<p>Die Mannschaftsmeisterschaften der Schachjugend Rheinland-Pfalz fanden in diesem Jahr in Dienheim\/Rheinhessen statt. Der Schachverein Turm Lahnstein stellte mit vier Vierermannschaften die meisten Teilnehmer. Je zwei Mannschaften starteten in der Altersklasse U(nter) 12 (Jahren) und U 16.\u00a0<\/p>\n\n\n\n<!--more-->\n\n\n\n<p>Das Teilnehmerfeld der U 16 bestand \u00fcberraschenderweise nur aus f\u00fcnf Teams. Hierbei wurde Lahnstein I mit Fabian Mader, David Meuer, Joshua Lenz und Lasse Werling seiner Favoritenrolle gerecht und gewann alle Wettk\u00e4mpfe glatt, darunter auch ein 3 : 1 gegen den sp\u00e4teren Vizemeister SK Frankenthal. Fabian und Lasse ragten bei den Einzelergebnissen\u00a0 mit\u00a0 100%iger Punkteausbeute (je 4 aus 4) heraus. Joshua (3,5) und David (3) standen dem kaum nach. Der Titel des Rheinland-Pfalz-Mannschafts-Meisters ging zurecht nach Lahnstein. Die zweite Lahnsteiner Mannschaft mit Christian Samtleben, Peter Bida, Patrick Br\u00fchl, Clemens Oehl und Franziska Herbel\u00a0 k\u00e4mpfte in allen Partien auf Augenh\u00f6he, musste sich aber mit wenigen Erfolgsmomenten begn\u00fcgen und wurde F\u00fcnfter. Im Feld der acht anwesenden U 12 Mannschaften begn\u00fcgte sich Lahnstein I mit Leo Ke\u00dfler, Zhang\u00a0 Hao Dong, Finn Buchheim und Niclas Elbert bei 6 : 4 Mannschaftspunkten schlie\u00dflich mit dem 5. Rang mit Tendenz nach oben. Finn Buchheim war hier der eifrigste Punktesammler (vier aus f\u00fcnf). Der zweiten Lahnsteiner Vertretung mit Vincent Oehl, Julius Hoppe, Yannik Barz und Ren Sunaga\u00a0 ging es vor allem darum, Erfahrungen im Turnierschach zu sammeln, wobei schon einige Erfolgserlebnisse zu verzeichnen waren.\u00a0<\/p>\n","protected":false},"excerpt":{"rendered":"<p>Die Mannschaftsmeisterschaften der Schachjugend Rheinland-Pfalz fanden in diesem Jahr in Dienheim\/Rheinhessen statt. Der Schachverein Turm Lahnstein stellte mit vier Vierermannschaften die meisten Teilnehmer. Je zwei Mannschaften starteten in der Altersklasse [&hellip;]<\/p>\n","protected":false},"author":4,"featured_media":0,"comment_status":"open","ping_status":"open","sticky":false,"template":"","format":"standard","meta":{"footnotes":""},"categories":[1],"tags":[],"_links":{"self":[{"href":"https:\/\/turm-lahnstein.de\/index.php?rest_route=\/wp\/v2\/posts\/5723"}],"collection":[{"href":"https:\/\/turm-lahnstein.de\/index.php?rest_route=\/wp\/v2\/posts"}],"about":[{"href":"https:\/\/turm-lahnstein.de\/index.php?rest_route=\/wp\/v2\/types\/post"}],"author":[{"embeddable":true,"href":"https:\/\/turm-lahnstein.de\/index.php?rest_route=\/wp\/v2\/users\/4"}],"replies":[{"embeddable":true,"href":"https:\/\/turm-lahnstein.de\/index.php?rest_route=%2Fwp%2Fv2%2Fcomments&post=5723"}],"version-history":[{"count":2,"href":"https:\/\/turm-lahnstein.de\/index.php?rest_route=\/wp\/v2\/posts\/5723\/revisions"}],"predecessor-version":[{"id":5725,"href":"https:\/\/turm-lahnstein.de\/index.php?rest_route=\/wp\/v2\/posts\/5723\/revisions\/5725"}],"wp:attachment":[{"href":"https:\/\/turm-lahnstein.de\/index.php?rest_route=%2Fwp%2Fv2%2Fmedia&parent=5723"}],"wp:term":[{"taxonomy":"category","embeddable":true,"href":"https:\/\/turm-lahnstein.de\/index.php?rest_route=%2Fwp%2Fv2%2Fcategories&post=5723"},{"taxonomy":"post_tag","embeddable":true,"href":"https:\/\/turm-lahnstein.de\/index.php?rest_route=%2Fwp%2Fv2%2Ftags&post=5723"}],"curies":[{"name":"wp","href":"https:\/\/api.w.org\/{rel}","templated":true}]}}