{"id":5721,"date":"2022-06-01T07:01:15","date_gmt":"2022-06-01T07:01:15","guid":{"rendered":"https:\/\/turm-lahnstein.de\/?p=5721"},"modified":"2022-06-01T07:01:15","modified_gmt":"2022-06-01T07:01:15","slug":"vereinsmeisterschaft-2022-5","status":"publish","type":"post","link":"https:\/\/turm-lahnstein.de\/?p=5721","title":{"rendered":"Vereinsmeisterschaft 2022"},"content":{"rendered":"\n<p><em>Bericht von Turnierleiter Michael Sefeloge<\/em><\/p>\n\n\n\n<p>5. Runde<\/p>\n\n\n\n<p>Da am Hauptspieltag unser gro\u00dfer Raum (angeblich) nicht zur Verf\u00fcgung stand, wurden vier Partien bereits eine Woche vorher gespielt.<\/p>\n\n\n\n<p>Zuerst trennten sich Peter Schreieck und Ralf Teichgr\u00e4ber unentschieden, sp\u00e4ter konnte ich von meinem Platz aus sehen, wie Michael Linke Fabian Mader gratulierte, der damit seinen f\u00fcnften Punkt erzielte. Und nach etwa 2.5 Stunden komme ich gerade rechtzeitig an das Brett von Lasse Werling und Martin Schmidt, um zu sehen, wie Lasse einz\u00fcgig Mattgesetzt wird. Ich selbst hatte gegen Christian Samtleben zum Schluss ein remisliches Endspiel auf dem Brett, ein Bauernendspiel mit jeweils vier Bauern. Mit etwas weniger als f\u00fcnf Minuten auf meiner Uhr (Christian hatte da noch fast zehn Minuten), lehnte ich sein Remis Angebot ab. Der Grund war mein besser stehender K\u00f6nig, der sein Gegen\u00fcber zwang, immer den einzigen, den besten Zug zu machen. Als dies einmal nicht der Fall war, konnte mein K\u00f6nig in die Stellung eindringen, die Partie war entschieden.<\/p>\n\n\n\n<!--more-->\n\n\n\n<p>Am Hauptspieltag spielten dann Friedhelm Schneider und Joshua Lenz im kleinen Raum, was, wie sich sp\u00e4ter herausstellte, \u00fcberhaupt nicht notwendig gewesen w\u00e4re. Der gro\u00dfe Raum war die ganze Zeit frei, von der Theater-AG keine Spur zu sehen\u2026<\/p>\n\n\n\n<p>Beide Spieler bek\u00e4mpften sich mehr als zweieinhalb Stunden lang, bevor&nbsp; Friedhelm Schneider den ganzen Punkt einheimste. Als Dank daf\u00fcr darf er nun gegen Fabian Mader spielen.<\/p>\n\n\n\n<p>Ergebnisse<\/p>\n\n\n\n<figure class=\"wp-block-table\"><table><tbody><tr><td>Michael Linke<\/td><td>0:1<\/td><td>Fabian Mader<\/td><\/tr><tr><td>Peter Schreieck<\/td><td>r<\/td><td>Ralf Teichgr\u00e4ber<\/td><\/tr><tr><td>Friedhelm Schneider<\/td><td>1:0<\/td><td>Joshua Lenz<\/td><\/tr><tr><td>Christian Samtleben<\/td><td>0:1<\/td><td>Michael Sefeloge<\/td><\/tr><tr><td>Lasse Werling<\/td><td>0:1<\/td><td>Martin Schmidt<\/td><\/tr><\/tbody><\/table><\/figure>\n\n\n\n<p>Tabelle nach f\u00fcnf Runden<\/p>\n\n\n\n<figure class=\"wp-block-table\"><table><tbody><tr><td><strong>Rang<\/strong><\/td><td><strong>Teilnehmer<\/strong><\/td><td><strong>DWZ<\/strong><\/td><td><strong>Punkte<\/strong><\/td><td><strong>BH<\/strong><\/td><td><strong>SB<\/strong><\/td><\/tr><tr><td>&nbsp;<\/td><td>&nbsp;<\/td><td>&nbsp;<\/td><td>&nbsp;<\/td><td>&nbsp;<\/td><td>&nbsp;<\/td><\/tr><tr><td>01<\/td><td>Fabian Mader<\/td><td>1684<\/td><td>5.0<\/td><td>11.5<\/td><td>11.50<\/td><\/tr><tr><td>02<\/td><td>Ralf Teichgr\u00e4ber<\/td><td>1918<\/td><td>3.0<\/td><td>15.5<\/td><td>7.50<\/td><\/tr><tr><td>02<\/td><td>Peter Schreieck<\/td><td>1708<\/td><td>3.0<\/td><td>15.5<\/td><td>7.50<\/td><\/tr><tr><td>04<\/td><td>Michael Linke<\/td><td>1699<\/td><td>3.0<\/td><td>15.0<\/td><td>7.00<\/td><\/tr><tr><td>05<\/td><td>Friedhelm Schneider<\/td><td>1859<\/td><td>3.0<\/td><td>11.5<\/td><td>5.50<\/td><\/tr><tr><td>06<\/td><td>Michael Sefeloge<\/td><td>1608<\/td><td>2.5<\/td><td>10.0<\/td><td>3.25<\/td><\/tr><tr><td>07<\/td><td>Joshua Lenz<\/td><td>1624<\/td><td>1.5<\/td><td>13.5<\/td><td>1.75<\/td><\/tr><tr><td>08<\/td><td>Christian Samtleben<\/td><td>1252<\/td><td>1.5<\/td><td>11.0<\/td><td>1.75<\/td><\/tr><tr><td>09<\/td><td>Lasse Werling<\/td><td>1387<\/td><td>1.5<\/td><td>9.5<\/td><td>2.75<\/td><\/tr><tr><td>10<\/td><td>Martin Schmidt<\/td><td>1164<\/td><td>1.0<\/td><td>12.0<\/td><td>1.50<\/td><\/tr><\/tbody><\/table><\/figure>\n\n\n\n<p>Auslosung der 6. Runde (Hauptspieltag 10.06.2022)<\/p>\n\n\n\n<figure class=\"wp-block-table\"><table><tbody><tr><td>Fabian Mader<\/td><td>&nbsp;<\/td><td>Friedhelm Schneider<\/td><\/tr><tr><td>Michael Sefeloge<\/td><td>&nbsp;<\/td><td>Peter Schreieck<\/td><\/tr><tr><td>Ralf Teichgr\u00e4ber<\/td><td>&nbsp;<\/td><td>Lasse Werling<\/td><\/tr><tr><td>Martin Schmidt<\/td><td>&nbsp;<\/td><td>Michael Linke<\/td><\/tr><tr><td>Joshua Lenz<\/td><td>&nbsp;<\/td><td>Christian Samtleben<\/td><\/tr><\/tbody><\/table><\/figure>\n\n\n\n<p><\/p>\n","protected":false},"excerpt":{"rendered":"<p>Bericht von Turnierleiter Michael Sefeloge 5. Runde Da am Hauptspieltag unser gro\u00dfer Raum (angeblich) nicht zur Verf\u00fcgung stand, wurden vier Partien bereits eine Woche vorher gespielt. Zuerst trennten sich Peter [&hellip;]<\/p>\n","protected":false},"author":4,"featured_media":0,"comment_status":"open","ping_status":"open","sticky":false,"template":"","format":"standard","meta":{"footnotes":""},"categories":[1],"tags":[],"_links":{"self":[{"href":"https:\/\/turm-lahnstein.de\/index.php?rest_route=\/wp\/v2\/posts\/5721"}],"collection":[{"href":"https:\/\/turm-lahnstein.de\/index.php?rest_route=\/wp\/v2\/posts"}],"about":[{"href":"https:\/\/turm-lahnstein.de\/index.php?rest_route=\/wp\/v2\/types\/post"}],"author":[{"embeddable":true,"href":"https:\/\/turm-lahnstein.de\/index.php?rest_route=\/wp\/v2\/users\/4"}],"replies":[{"embeddable":true,"href":"https:\/\/turm-lahnstein.de\/index.php?rest_route=%2Fwp%2Fv2%2Fcomments&post=5721"}],"version-history":[{"count":1,"href":"https:\/\/turm-lahnstein.de\/index.php?rest_route=\/wp\/v2\/posts\/5721\/revisions"}],"predecessor-version":[{"id":5722,"href":"https:\/\/turm-lahnstein.de\/index.php?rest_route=\/wp\/v2\/posts\/5721\/revisions\/5722"}],"wp:attachment":[{"href":"https:\/\/turm-lahnstein.de\/index.php?rest_route=%2Fwp%2Fv2%2Fmedia&parent=5721"}],"wp:term":[{"taxonomy":"category","embeddable":true,"href":"https:\/\/turm-lahnstein.de\/index.php?rest_route=%2Fwp%2Fv2%2Fcategories&post=5721"},{"taxonomy":"post_tag","embeddable":true,"href":"https:\/\/turm-lahnstein.de\/index.php?rest_route=%2Fwp%2Fv2%2Ftags&post=5721"}],"curies":[{"name":"wp","href":"https:\/\/api.w.org\/{rel}","templated":true}]}}