{"id":5688,"date":"2022-05-17T06:41:47","date_gmt":"2022-05-17T06:41:47","guid":{"rendered":"https:\/\/turm-lahnstein.de\/?p=5688"},"modified":"2022-05-17T06:41:47","modified_gmt":"2022-05-17T06:41:47","slug":"pressebericht-faszinierende-welt-des-schachs-erleben-2","status":"publish","type":"post","link":"https:\/\/turm-lahnstein.de\/?p=5688","title":{"rendered":"Pressebericht: Faszinierende Welt des Schachs erleben!"},"content":{"rendered":"\n<figure class=\"wp-block-image size-full\"><img loading=\"lazy\" decoding=\"async\" width=\"254\" height=\"248\" src=\"https:\/\/turm-lahnstein.de\/wp-content\/uploads\/2012\/09\/friedhelm_col.jpg\" alt=\"\" class=\"wp-image-68\"\/><\/figure>\n\n\n\n<p>Ein vielf\u00e4ltiges Schachprogramm mit dem Schachgro\u00dfmeister Sebastian Siebrecht und seinem Team wird vom Montag, 30.05. bis zum Samstag, 04.06.2022 im L\u00f6hr-Center Koblenz stattfinden. Unter dem Motto \u201eFaszination Schach\u201c wird sich das Koblenzer L\u00f6hr-Center an diesen Tagen von jeweils 10.00 bis 20.00 Uhr in einen bunten Erlebnisschach-Parcours verwandeln.<\/p>\n\n\n\n<!--more-->\n\n\n\n<p>Der Schachverein Turm Lahnstein wird den Informationsstand des Schachbezirks Rhein-Nahe \u00fcber das Schach in unserer Region mitbetreuen und \u00fcber die schachsportlichen Angebote informieren.<\/p>\n\n\n\n<p>Neben Schachunterricht f\u00fcr Schulklassen und \u2013 arbeitsgemeinschaften, verschiedenen Schachturnieren im Blitzschach und im Schnellschach sowie den Show-Time-Veranstaltungs-&nbsp; punkten \u201eSchlag den Gro\u00dfmeister\u201c, Konditionsblitz und den Simultanvorstellungen gibt es viel zu erleben, entdecken und zu erfahren. &nbsp;<\/p>\n\n\n\n<p>Das mehrfach ausgezeichnete Lehrprogramm \u201eFritz und Fertig\u201c und Informationen \u00fcber die Mitgliedsvereine des Schachbezirks runden das Angebot, das unter der Schirmherrschaft des Koblenzer Oberb\u00fcrgermeisters David Langner steht, ab. Gemeinsam mit der Center-Managerin wird der Schirmherr den Er\u00f6ffnungszug am 30.05.2022 um 10.00 Uhr ausf\u00fchren. Interessierte jeden Alters vom Anf\u00e4nger bis zum Gro\u00dfmeister sind w\u00e4hrend der sechs Tage jederzeit herzlich willkommen!<\/p>\n","protected":false},"excerpt":{"rendered":"<p>Ein vielf\u00e4ltiges Schachprogramm mit dem Schachgro\u00dfmeister Sebastian Siebrecht und seinem Team wird vom Montag, 30.05. bis zum Samstag, 04.06.2022 im L\u00f6hr-Center Koblenz stattfinden. Unter dem Motto \u201eFaszination Schach\u201c wird sich [&hellip;]<\/p>\n","protected":false},"author":4,"featured_media":0,"comment_status":"open","ping_status":"open","sticky":false,"template":"","format":"standard","meta":{"footnotes":""},"categories":[1],"tags":[],"_links":{"self":[{"href":"https:\/\/turm-lahnstein.de\/index.php?rest_route=\/wp\/v2\/posts\/5688"}],"collection":[{"href":"https:\/\/turm-lahnstein.de\/index.php?rest_route=\/wp\/v2\/posts"}],"about":[{"href":"https:\/\/turm-lahnstein.de\/index.php?rest_route=\/wp\/v2\/types\/post"}],"author":[{"embeddable":true,"href":"https:\/\/turm-lahnstein.de\/index.php?rest_route=\/wp\/v2\/users\/4"}],"replies":[{"embeddable":true,"href":"https:\/\/turm-lahnstein.de\/index.php?rest_route=%2Fwp%2Fv2%2Fcomments&post=5688"}],"version-history":[{"count":1,"href":"https:\/\/turm-lahnstein.de\/index.php?rest_route=\/wp\/v2\/posts\/5688\/revisions"}],"predecessor-version":[{"id":5689,"href":"https:\/\/turm-lahnstein.de\/index.php?rest_route=\/wp\/v2\/posts\/5688\/revisions\/5689"}],"wp:attachment":[{"href":"https:\/\/turm-lahnstein.de\/index.php?rest_route=%2Fwp%2Fv2%2Fmedia&parent=5688"}],"wp:term":[{"taxonomy":"category","embeddable":true,"href":"https:\/\/turm-lahnstein.de\/index.php?rest_route=%2Fwp%2Fv2%2Fcategories&post=5688"},{"taxonomy":"post_tag","embeddable":true,"href":"https:\/\/turm-lahnstein.de\/index.php?rest_route=%2Fwp%2Fv2%2Ftags&post=5688"}],"curies":[{"name":"wp","href":"https:\/\/api.w.org\/{rel}","templated":true}]}}