{"id":5682,"date":"2022-05-05T07:56:56","date_gmt":"2022-05-05T07:56:56","guid":{"rendered":"https:\/\/turm-lahnstein.de\/?p=5682"},"modified":"2022-05-05T08:48:40","modified_gmt":"2022-05-05T08:48:40","slug":"pressebericht-erfolgreich-bei-den-jugend-rheinland-pfalz-meisterschaften","status":"publish","type":"post","link":"https:\/\/turm-lahnstein.de\/?p=5682","title":{"rendered":"Pressebericht: Erfolgreich bei den Jugend-Rheinland-Pfalz-Meisterschaften"},"content":{"rendered":"\n<figure class=\"wp-block-image size-full is-resized\"><img loading=\"lazy\" decoding=\"async\" src=\"https:\/\/turm-lahnstein.de\/wp-content\/uploads\/2012\/09\/friedhelm_col.jpg\" alt=\"\" class=\"wp-image-68\" width=\"254\" height=\"248\"\/><\/figure>\n\n\n\n<p>Zu den Rheinland-Pfalz-Meisterschaften der Jugendaltersklassen U 14 bis U 18 hatten sich drei Jugendliche des Schachvereins Turm Lahnstein qualifiziert. Bei den Titelk\u00e4mpfen in der Jugendherberge Burg Stahleck Bacharach spielten alle vom Turnierbeginn bis zum Ende beim Kampf um die vorderen Pl\u00e4tze mit.<\/p>\n\n\n\n<!--more-->\n\n\n\n<p>Herausragend ist der Rheinland-Pfalz-Meister-Titel, den Fabian Mader in der U 14 errang. Mit positionell und taktisch klug eingesetzten Pointen lag Fabian mit f\u00fcnf Siegen hintereinander klar in F\u00fchrung, als er gegen einen Verfolger seine einzige Niederlage erlitt. Seine Gesamtf\u00fchrung lie\u00df er sich aber nicht mehr nehmen und sicherte diese mit einem Remis in der letzten Runde ab. Ein toller Erfolg&nbsp; mit einem vollem Punkt Vorsprung auf die Verfolger. Das Ticket zur Teilnahme an der Deutschen Meisterschaft in der Pfingstwoche in Willingen\/Hochsauerland ist damit gebucht.<\/p>\n\n\n\n<p>Im M\u00e4dchenturnier derselben Altersklasse (U 14 w) spielte Franziska Herbel ein sehr gutes Turnier und lag vor der letzten Runde sogar in F\u00fchrung. Dass die Partie der letzten Runde verloren ging,&nbsp; war schade. Ein dritter Platz bei der Landesmeisterschaft ist trotzdem ein gro\u00dfer Erfolg und war auch von Franziska selbst nicht erwartet worden.<\/p>\n\n\n\n<p>Joshua Lenz war in der Mitte eines starken und ausgeglichenem Teilnehmerfelds gesetzt und zeigte in der\u00a0 U 16 gute und k\u00e4mpferische Partien. Mit vier Punkten aus sieben Partien sicherte er sich in der Abschlusstabelle den sechsten Platz und landete damit im vorderen Mittelfeld dieser Landesmeisterschaft. \u00a0\u00a0<\/p>\n","protected":false},"excerpt":{"rendered":"<p>Zu den Rheinland-Pfalz-Meisterschaften der Jugendaltersklassen U 14 bis U 18 hatten sich drei Jugendliche des Schachvereins Turm Lahnstein qualifiziert. Bei den Titelk\u00e4mpfen in der Jugendherberge Burg Stahleck Bacharach spielten alle [&hellip;]<\/p>\n","protected":false},"author":4,"featured_media":0,"comment_status":"open","ping_status":"open","sticky":false,"template":"","format":"standard","meta":{"footnotes":""},"categories":[1],"tags":[],"_links":{"self":[{"href":"https:\/\/turm-lahnstein.de\/index.php?rest_route=\/wp\/v2\/posts\/5682"}],"collection":[{"href":"https:\/\/turm-lahnstein.de\/index.php?rest_route=\/wp\/v2\/posts"}],"about":[{"href":"https:\/\/turm-lahnstein.de\/index.php?rest_route=\/wp\/v2\/types\/post"}],"author":[{"embeddable":true,"href":"https:\/\/turm-lahnstein.de\/index.php?rest_route=\/wp\/v2\/users\/4"}],"replies":[{"embeddable":true,"href":"https:\/\/turm-lahnstein.de\/index.php?rest_route=%2Fwp%2Fv2%2Fcomments&post=5682"}],"version-history":[{"count":2,"href":"https:\/\/turm-lahnstein.de\/index.php?rest_route=\/wp\/v2\/posts\/5682\/revisions"}],"predecessor-version":[{"id":5684,"href":"https:\/\/turm-lahnstein.de\/index.php?rest_route=\/wp\/v2\/posts\/5682\/revisions\/5684"}],"wp:attachment":[{"href":"https:\/\/turm-lahnstein.de\/index.php?rest_route=%2Fwp%2Fv2%2Fmedia&parent=5682"}],"wp:term":[{"taxonomy":"category","embeddable":true,"href":"https:\/\/turm-lahnstein.de\/index.php?rest_route=%2Fwp%2Fv2%2Fcategories&post=5682"},{"taxonomy":"post_tag","embeddable":true,"href":"https:\/\/turm-lahnstein.de\/index.php?rest_route=%2Fwp%2Fv2%2Ftags&post=5682"}],"curies":[{"name":"wp","href":"https:\/\/api.w.org\/{rel}","templated":true}]}}