{"id":562,"date":"2013-04-28T14:44:49","date_gmt":"2013-04-28T14:44:49","guid":{"rendered":"http:\/\/turmlahnstein.wordpress.com\/?p=562"},"modified":"2013-04-28T14:44:49","modified_gmt":"2013-04-28T14:44:49","slug":"einrich-jugendopen-2013","status":"publish","type":"post","link":"https:\/\/turm-lahnstein.de\/?p=562","title":{"rendered":"Einrich-Jugendopen 2013"},"content":{"rendered":"<p>W\u00e4hrend unsere \u00e4lteren Jugendlichen in Bendorf zu Ehren kamen, k\u00e4mpften die U10er und U12er in Klingelbach beim Jugendopen des Schachvereins Einrich. Lars, Luca und Ismael gingen in der U10 an den Start, w\u00e4hrend Martin, Kilian und Elsin in der U12 antreten mussten. Peter Ley berichtet:<\/p>\n<p><img loading=\"lazy\" decoding=\"async\" class=\"aligncenter size-full wp-image-570\" alt=\"luca\" src=\"https:\/\/turm-lahnstein.de\/wp-content\/uploads\/2013\/04\/luca1.jpg\" width=\"600\" height=\"497\" srcset=\"https:\/\/turm-lahnstein.de\/wp-content\/uploads\/2013\/04\/luca1.jpg 600w, https:\/\/turm-lahnstein.de\/wp-content\/uploads\/2013\/04\/luca1-300x249.jpg 300w\" sizes=\"(max-width: 600px) 100vw, 600px\" \/><!--more--><\/p>\n<p>Luca hatte nicht seinen besten Tag. Hier zeigte er eine sch\u00f6ne Partie und konnte im Turmendspiel durchaus \u00fcberzeugen. Leider war er nicht in allen Spielen so konzentriert. Viele Spiele dominierte er bis dann ein grober Einsteller folgt und er sich um seinen Lohn brachte. Am Ende mit 3 Punkten aus 7 Partien selbst ein wenig unzufrieden.<\/p>\n<p><img loading=\"lazy\" decoding=\"async\" class=\"aligncenter size-full wp-image-571\" alt=\"ismael\" src=\"https:\/\/turm-lahnstein.de\/wp-content\/uploads\/2013\/04\/ismael1.jpg\" width=\"600\" height=\"450\" srcset=\"https:\/\/turm-lahnstein.de\/wp-content\/uploads\/2013\/04\/ismael1.jpg 600w, https:\/\/turm-lahnstein.de\/wp-content\/uploads\/2013\/04\/ismael1-300x225.jpg 300w\" sizes=\"(max-width: 600px) 100vw, 600px\" \/><\/p>\n<p>Ismael, hier gegen den altinternationalen Thomas Riedel, spielte ein gutes Turnier. Gegen den mehrfachen Bezirksmeister und 4. der Rheinland-Pfalzmeisterschaften k\u00e4mpfte er stark. Nach gut 20 Z\u00fcgen stand er sogar vorteilhaft. Der Favorit setzte sich \u201aleider\u2018 noch durch, weil Ismael durch sein viel zu schnelles Spiel patzte. Mit 4,5\/7 verpasste er nur knapp das Podium. Da ist noch Luft nach oben.<\/p>\n<p><img loading=\"lazy\" decoding=\"async\" class=\"aligncenter size-full wp-image-572\" alt=\"lars\" src=\"https:\/\/turm-lahnstein.de\/wp-content\/uploads\/2013\/04\/lars1.jpg\" width=\"600\" height=\"450\" srcset=\"https:\/\/turm-lahnstein.de\/wp-content\/uploads\/2013\/04\/lars1.jpg 600w, https:\/\/turm-lahnstein.de\/wp-content\/uploads\/2013\/04\/lars1-300x225.jpg 300w\" sizes=\"(max-width: 600px) 100vw, 600px\" \/><br \/>\nShowdown der Favoriten Lars und Thomas. In dieser Partie unterlag Lars, alle anderen Spiele konnte er gewinnen. Zum Schluss lagen beide punktgleich an der Spitze. Leider war Lars in der Zweitwertung leicht schlechter, war aber mit einem sehr guten 2.Platz zufrieden.<\/p>\n<p><img loading=\"lazy\" decoding=\"async\" class=\"aligncenter size-full wp-image-573\" alt=\"kilian\" src=\"https:\/\/turm-lahnstein.de\/wp-content\/uploads\/2013\/04\/kilian1.jpg\" width=\"600\" height=\"450\" srcset=\"https:\/\/turm-lahnstein.de\/wp-content\/uploads\/2013\/04\/kilian1.jpg 600w, https:\/\/turm-lahnstein.de\/wp-content\/uploads\/2013\/04\/kilian1-300x225.jpg 300w\" sizes=\"(max-width: 600px) 100vw, 600px\" \/><\/p>\n<p>Kilian auf seinem ersten Turnier f\u00fcr die T\u00fcrmler musste noch Federn lassen. Chancenlos war er meist auf keinen Fall. Wie auch in dieser Partie erreichte er einige gute Stellungen, die er mangels Routine wieder vergab. In einer Partie wurde er mattgesetzt und gratulierte seinem Gegner, dessen K\u00f6nig minutenlang bis zum Schluss selbst im Schach stand. H\u00e4tte er dies bemerkt w\u00e4re es wohl anders ausgegangen. Das wird besser, da sind wir uns sicher.<\/p>\n<p><img loading=\"lazy\" decoding=\"async\" class=\"aligncenter size-full wp-image-574\" alt=\"elsin\" src=\"https:\/\/turm-lahnstein.de\/wp-content\/uploads\/2013\/04\/elsin1.jpg\" width=\"600\" height=\"450\" srcset=\"https:\/\/turm-lahnstein.de\/wp-content\/uploads\/2013\/04\/elsin1.jpg 600w, https:\/\/turm-lahnstein.de\/wp-content\/uploads\/2013\/04\/elsin1-300x225.jpg 300w\" sizes=\"(max-width: 600px) 100vw, 600px\" \/><\/p>\n<p>Elsin war der inkonstanteste unserer Spieler. Gegen die Turnierfavoritin und amtierende Rheinland-Pfalzmeisterin Theresa Reitz konnte er in einer sch\u00f6nen Angriffspartie gewinnen und danach ganz vorne angreifen. In der Vorschlussrunde jedoch \u00fcbersah er im Endspiel einen groben Einsteller des Gegners und lie\u00df dann noch ohne lange \u00dcberlegung einen Bauern durchlaufen. Mit 4,5\/7 Punkten kam er als 5. punktgleich mit dem 3. ins Ziel. Eine gute Leistung, da war aber mehr drin.<\/p>\n<p><img loading=\"lazy\" decoding=\"async\" class=\"aligncenter size-full wp-image-575\" alt=\"martin\" src=\"https:\/\/turm-lahnstein.de\/wp-content\/uploads\/2013\/04\/martin1.jpg\" width=\"600\" height=\"450\" srcset=\"https:\/\/turm-lahnstein.de\/wp-content\/uploads\/2013\/04\/martin1.jpg 600w, https:\/\/turm-lahnstein.de\/wp-content\/uploads\/2013\/04\/martin1-300x225.jpg 300w\" sizes=\"(max-width: 600px) 100vw, 600px\" \/><\/p>\n<p>Martin war nicht bei den Topgesetzten. Das hinderte ihn aber nicht die dann ganz sch\u00f6n zu \u00e4rgern. Er startete mit einer Niederlage. Das sollte aber der einzige Verlust bleiben. Vor der letzten Runde lag er einen halben Punkt hinter den beiden F\u00fchrenden. Gegen einer der beiden musste er ran. Es entwickelte sich beim Kampf um die Pokale ein Krimi. Lange bis ins Endspiel stand Martin besser, dann aber wendete sich Blatt. Der Gegner verbrauchte jedoch zu viel Zeit. Martin nervte ihn mit endlosen Schachs bis sein ganzes Material bis auf einen Bauern aufgebraucht war. Kurz bevor er Matt gesetzt wurde fiel das Bl\u00e4ttchen des Gegners und Martin gewann. Punktgleich mit Theresa Reitz kam er nur durch die schlechtere Zweitwertung auf einen hervorragenden 2.Platz.<\/p>\n<p><img loading=\"lazy\" decoding=\"async\" class=\"aligncenter size-full wp-image-576\" alt=\"alle\" src=\"https:\/\/turm-lahnstein.de\/wp-content\/uploads\/2013\/04\/alle1.jpg\" width=\"600\" height=\"450\" srcset=\"https:\/\/turm-lahnstein.de\/wp-content\/uploads\/2013\/04\/alle1.jpg 600w, https:\/\/turm-lahnstein.de\/wp-content\/uploads\/2013\/04\/alle1-300x225.jpg 300w\" sizes=\"(max-width: 600px) 100vw, 600px\" \/><\/p>\n<p>Das Turnier war zu Ende und wir mussten nach Hause. Wie man sieht war die Stimmung im Team gut. Bis zum n\u00e4chsten Jahr in Einrich.<\/p>\n<p>&nbsp;<\/p>\n<p><a href=\"http:\/\/www.sc-einrich.de\/\" target=\"_blank\" rel=\"noopener noreferrer\">[Ergebnisse (bald)]<\/a><\/p>\n","protected":false},"excerpt":{"rendered":"<p>W\u00e4hrend unsere \u00e4lteren Jugendlichen in Bendorf zu Ehren kamen, k\u00e4mpften die U10er und U12er in Klingelbach beim Jugendopen des Schachvereins Einrich. Lars, Luca und Ismael gingen in der U10 an [&hellip;]<\/p>\n","protected":false},"author":2,"featured_media":0,"comment_status":"open","ping_status":"open","sticky":false,"template":"","format":"standard","meta":{"footnotes":""},"categories":[148],"tags":[74,147,99,123,149,52,100,101,83],"_links":{"self":[{"href":"https:\/\/turm-lahnstein.de\/index.php?rest_route=\/wp\/v2\/posts\/562"}],"collection":[{"href":"https:\/\/turm-lahnstein.de\/index.php?rest_route=\/wp\/v2\/posts"}],"about":[{"href":"https:\/\/turm-lahnstein.de\/index.php?rest_route=\/wp\/v2\/types\/post"}],"author":[{"embeddable":true,"href":"https:\/\/turm-lahnstein.de\/index.php?rest_route=\/wp\/v2\/users\/2"}],"replies":[{"embeddable":true,"href":"https:\/\/turm-lahnstein.de\/index.php?rest_route=%2Fwp%2Fv2%2Fcomments&post=562"}],"version-history":[{"count":0,"href":"https:\/\/turm-lahnstein.de\/index.php?rest_route=\/wp\/v2\/posts\/562\/revisions"}],"wp:attachment":[{"href":"https:\/\/turm-lahnstein.de\/index.php?rest_route=%2Fwp%2Fv2%2Fmedia&parent=562"}],"wp:term":[{"taxonomy":"category","embeddable":true,"href":"https:\/\/turm-lahnstein.de\/index.php?rest_route=%2Fwp%2Fv2%2Fcategories&post=562"},{"taxonomy":"post_tag","embeddable":true,"href":"https:\/\/turm-lahnstein.de\/index.php?rest_route=%2Fwp%2Fv2%2Ftags&post=562"}],"curies":[{"name":"wp","href":"https:\/\/api.w.org\/{rel}","templated":true}]}}