{"id":5615,"date":"2022-03-26T22:14:35","date_gmt":"2022-03-26T22:14:35","guid":{"rendered":"https:\/\/turm-lahnstein.de\/?p=5615"},"modified":"2022-03-26T22:14:35","modified_gmt":"2022-03-26T22:14:35","slug":"vereinsmeisterschaft-2022","status":"publish","type":"post","link":"https:\/\/turm-lahnstein.de\/?p=5615","title":{"rendered":"Vereinsmeisterschaft 2022"},"content":{"rendered":"\n<p><em>Bericht des Turnierleiters Michael Sefeloge<\/em><\/p>\n\n\n\n<p>Leider wollten in diesem Jahr nur zehn Vereinsmitglieder mitspielen, so wenig wie seit Jahrzehnten nicht mehr. \u00dcber die Gr\u00fcnde zu spekulieren ist m\u00fc\u00dfig, sie liegen nahezu ausschlie\u00dflich an der seit zwei Jahren uns beherrschenden Seuche.<\/p>\n\n\n\n<p>Sechs Erwachsene und vier Jugendliche bilden das Teilnehmerfeld, das in diesem Jahr um einiges spielst\u00e4rker ist als im letzte Jahr. Waren es 2021 im Schnitt noch 1499, so liegt die Zahl diesmal bei 1590 DWZ Punkten.<\/p>\n\n\n\n<!--more-->\n\n\n\n<p>1. Runde<\/p>\n\n\n\n<p>Erfreulicherweise waren alle Teilnehmer anwesend, sodass erstmals seit langer Zeit mal wieder eine Runde komplett zur gleichen Zeit gespielt werden konnte. Deshalb habe ich von den anderen Partien auch nicht viel mitbekommen, da ich selbst ja gegen ein schachliches Schwergewicht antreten musste. Nun war es also passiert, was sich schon seit einiger Zeit angedeutet hatte, zum ersten Mal seit gef\u00fchlten 50 Jahren war ich bei unserer VM nur noch in der unteren H\u00e4lfte der Setzliste gef\u00fchrt. Und so reihte ich mich dann in das 0:5 gegen die obere H\u00e4lfte ein.<\/p>\n\n\n\n<figure class=\"wp-block-table\"><table><tbody><tr><td>Joshua Lenz<\/td><td>0:1<\/td><td>Ralf Teichgr\u00e4ber<\/td><\/tr><tr><td>Friedhelm Schneider<\/td><td>1:0<\/td><td>Michael Sefeloge<\/td><\/tr><tr><td>Lasse Werling<\/td><td>0:1<\/td><td>Peter Schreieck<\/td><\/tr><tr><td>Michael Linke<\/td><td>1:0<\/td><td>Christian Samtleben<\/td><\/tr><tr><td>Martin Schmidt<\/td><td>0:1<\/td><td>Fabian Mader<\/td><\/tr><\/tbody><\/table><\/figure>\n\n\n\n<p>Auf eine Tabelle wird diesmal noch verzichtet.<\/p>\n\n\n\n<p>Auslosung der 2. Runde<\/p>\n\n\n\n<figure class=\"wp-block-table\"><table><tbody><tr><td>Ralf Teichgr\u00e4ber<\/td><td>&nbsp;<\/td><td>Michael Linke<\/td><\/tr><tr><td>Peter Schreieck<\/td><td>&nbsp;<\/td><td>Friedhelm Schneider<\/td><\/tr><tr><td>Fabian Mader<\/td><td>&nbsp;<\/td><td>Joshua Lenz<\/td><\/tr><tr><td>Michael Sefeloge<\/td><td>&nbsp;<\/td><td>Martin Schmidt<\/td><\/tr><tr><td>Christian Samtleben<\/td><td>&nbsp;<\/td><td>Lasse Werling<\/td><\/tr><\/tbody><\/table><\/figure>\n\n\n\n<p>Der Hauptspieltag ist der 8. April 2022, der Vorspieltag wird auf den 1. April angesetzt. Wer also ab 9, April bei der Rheinlandmeisterschaft mitspielt, sollte diese Vorspielm\u00f6glichkeit nutzen. F\u00fcr das Zustandekommen sind die Spieler selbst verantwortlich.<\/p>\n","protected":false},"excerpt":{"rendered":"<p>Bericht des Turnierleiters Michael Sefeloge Leider wollten in diesem Jahr nur zehn Vereinsmitglieder mitspielen, so wenig wie seit Jahrzehnten nicht mehr. \u00dcber die Gr\u00fcnde zu spekulieren ist m\u00fc\u00dfig, sie liegen [&hellip;]<\/p>\n","protected":false},"author":4,"featured_media":0,"comment_status":"open","ping_status":"open","sticky":false,"template":"","format":"standard","meta":{"footnotes":""},"categories":[1],"tags":[],"_links":{"self":[{"href":"https:\/\/turm-lahnstein.de\/index.php?rest_route=\/wp\/v2\/posts\/5615"}],"collection":[{"href":"https:\/\/turm-lahnstein.de\/index.php?rest_route=\/wp\/v2\/posts"}],"about":[{"href":"https:\/\/turm-lahnstein.de\/index.php?rest_route=\/wp\/v2\/types\/post"}],"author":[{"embeddable":true,"href":"https:\/\/turm-lahnstein.de\/index.php?rest_route=\/wp\/v2\/users\/4"}],"replies":[{"embeddable":true,"href":"https:\/\/turm-lahnstein.de\/index.php?rest_route=%2Fwp%2Fv2%2Fcomments&post=5615"}],"version-history":[{"count":1,"href":"https:\/\/turm-lahnstein.de\/index.php?rest_route=\/wp\/v2\/posts\/5615\/revisions"}],"predecessor-version":[{"id":5616,"href":"https:\/\/turm-lahnstein.de\/index.php?rest_route=\/wp\/v2\/posts\/5615\/revisions\/5616"}],"wp:attachment":[{"href":"https:\/\/turm-lahnstein.de\/index.php?rest_route=%2Fwp%2Fv2%2Fmedia&parent=5615"}],"wp:term":[{"taxonomy":"category","embeddable":true,"href":"https:\/\/turm-lahnstein.de\/index.php?rest_route=%2Fwp%2Fv2%2Fcategories&post=5615"},{"taxonomy":"post_tag","embeddable":true,"href":"https:\/\/turm-lahnstein.de\/index.php?rest_route=%2Fwp%2Fv2%2Ftags&post=5615"}],"curies":[{"name":"wp","href":"https:\/\/api.w.org\/{rel}","templated":true}]}}