{"id":5592,"date":"2022-03-10T08:11:16","date_gmt":"2022-03-10T08:11:16","guid":{"rendered":"https:\/\/turm-lahnstein.de\/?p=5592"},"modified":"2022-03-10T08:59:14","modified_gmt":"2022-03-10T08:59:14","slug":"turbulenzen-in-der-rheinland-pfalz-liga","status":"publish","type":"post","link":"https:\/\/turm-lahnstein.de\/?p=5592","title":{"rendered":"Pressebericht: Turbulenzen in der Rheinland-Pfalz-Liga"},"content":{"rendered":"\n<figure class=\"wp-block-image size-full\"><img loading=\"lazy\" decoding=\"async\" width=\"254\" height=\"248\" src=\"https:\/\/turm-lahnstein.de\/wp-content\/uploads\/2012\/09\/friedhelm_col.jpg\" alt=\"\" class=\"wp-image-68\"\/><\/figure>\n\n\n\n<p>Auch f\u00fcr die Schachspieler hat die Corona-Zeit wesentliche Unw\u00e4gbarkeiten beim Mannschaftsspielbetrieb mit sich gebracht. In der 2. Rheinland-Pfalz-Liga, in der die erste Mannschaft des Schachvereins Turm Lahnstein aktiv ist, haben sich mit Reduzierung der Mannschaftsst\u00e4rke auf sieben Bretter, verschiedener anderer Besonderheiten sowie Spielver-legungen und dem zwischenzeitlichen R\u00fcckzug von zwei Mannschaften einige Sachen ver\u00e4ndert.<\/p>\n\n\n\n<!--more-->\n\n\n\n<p> Immerhin haben sich die Schachspieler vom Rhein-Lahn-Eck mit einem bisher knapp ausgeglichenem Punktekonto ordentlich aus der Aff\u00e4re gezogen. So k\u00f6nnen die beiden noch ausstehenden Runden Ende M\u00e4rz und im Mai ohne gro\u00dfe Sorgen angegangen werden.&nbsp;<\/p>\n","protected":false},"excerpt":{"rendered":"<p>Auch f\u00fcr die Schachspieler hat die Corona-Zeit wesentliche Unw\u00e4gbarkeiten beim Mannschaftsspielbetrieb mit sich gebracht. In der 2. Rheinland-Pfalz-Liga, in der die erste Mannschaft des Schachvereins Turm Lahnstein aktiv ist, haben [&hellip;]<\/p>\n","protected":false},"author":4,"featured_media":0,"comment_status":"open","ping_status":"open","sticky":false,"template":"","format":"standard","meta":{"footnotes":""},"categories":[1],"tags":[],"_links":{"self":[{"href":"https:\/\/turm-lahnstein.de\/index.php?rest_route=\/wp\/v2\/posts\/5592"}],"collection":[{"href":"https:\/\/turm-lahnstein.de\/index.php?rest_route=\/wp\/v2\/posts"}],"about":[{"href":"https:\/\/turm-lahnstein.de\/index.php?rest_route=\/wp\/v2\/types\/post"}],"author":[{"embeddable":true,"href":"https:\/\/turm-lahnstein.de\/index.php?rest_route=\/wp\/v2\/users\/4"}],"replies":[{"embeddable":true,"href":"https:\/\/turm-lahnstein.de\/index.php?rest_route=%2Fwp%2Fv2%2Fcomments&post=5592"}],"version-history":[{"count":2,"href":"https:\/\/turm-lahnstein.de\/index.php?rest_route=\/wp\/v2\/posts\/5592\/revisions"}],"predecessor-version":[{"id":5594,"href":"https:\/\/turm-lahnstein.de\/index.php?rest_route=\/wp\/v2\/posts\/5592\/revisions\/5594"}],"wp:attachment":[{"href":"https:\/\/turm-lahnstein.de\/index.php?rest_route=%2Fwp%2Fv2%2Fmedia&parent=5592"}],"wp:term":[{"taxonomy":"category","embeddable":true,"href":"https:\/\/turm-lahnstein.de\/index.php?rest_route=%2Fwp%2Fv2%2Fcategories&post=5592"},{"taxonomy":"post_tag","embeddable":true,"href":"https:\/\/turm-lahnstein.de\/index.php?rest_route=%2Fwp%2Fv2%2Ftags&post=5592"}],"curies":[{"name":"wp","href":"https:\/\/api.w.org\/{rel}","templated":true}]}}