{"id":5581,"date":"2022-02-23T17:54:09","date_gmt":"2022-02-23T17:54:09","guid":{"rendered":"https:\/\/turm-lahnstein.de\/?p=5581"},"modified":"2022-02-23T17:54:09","modified_gmt":"2022-02-23T17:54:09","slug":"rheinland-pfalzmeisterschaften-u8-2","status":"publish","type":"post","link":"https:\/\/turm-lahnstein.de\/?p=5581","title":{"rendered":"Rheinland-Pfalzmeisterschaften U8"},"content":{"rendered":"\n<figure class=\"wp-block-image size-large\"><img loading=\"lazy\" decoding=\"async\" width=\"768\" height=\"1024\" src=\"https:\/\/turm-lahnstein.de\/wp-content\/uploads\/2022\/02\/IMG-20220220-WA00061-768x1024.jpg\" alt=\"\" class=\"wp-image-5584\" srcset=\"https:\/\/turm-lahnstein.de\/wp-content\/uploads\/2022\/02\/IMG-20220220-WA00061-768x1024.jpg 768w, https:\/\/turm-lahnstein.de\/wp-content\/uploads\/2022\/02\/IMG-20220220-WA00061-225x300.jpg 225w, https:\/\/turm-lahnstein.de\/wp-content\/uploads\/2022\/02\/IMG-20220220-WA00061-1152x1536.jpg 1152w, https:\/\/turm-lahnstein.de\/wp-content\/uploads\/2022\/02\/IMG-20220220-WA00061.jpg 1200w\" sizes=\"(max-width: 768px) 100vw, 768px\" \/><\/figure>\n\n\n\n<p>Erfreulich, dass der Schachkalender f\u00fcr Jugendliche sich langsam wieder f\u00fcllt. Til nahm die Chance wahr und spielte bei den Rheinland-Pfalzmeisterschaften des j\u00fcngsten Jahrgangs mit.<\/p>\n\n\n\n<!--more-->\n\n\n\n<p>Den ersten Tag spielte er sehr stark und war mit 2 Siegen bei einer Niederlage vorne dabei. Der Sonntag lieg dann nicht so gut und er verlor zweimal. Wichtig war es wieder mal ein Turnier zu spielen und seine Kenntnisse aus dem Training anzuwenden. Leider gibt es noch keine Tabelle auf der Homepage der SJRP.<\/p>\n\n\n\n<figure class=\"wp-block-image size-large\"><img loading=\"lazy\" decoding=\"async\" width=\"768\" height=\"1024\" src=\"https:\/\/turm-lahnstein.de\/wp-content\/uploads\/2022\/02\/IMG-20220220-WA00051-768x1024.jpg\" alt=\"\" class=\"wp-image-5582\" srcset=\"https:\/\/turm-lahnstein.de\/wp-content\/uploads\/2022\/02\/IMG-20220220-WA00051-768x1024.jpg 768w, https:\/\/turm-lahnstein.de\/wp-content\/uploads\/2022\/02\/IMG-20220220-WA00051-225x300.jpg 225w, https:\/\/turm-lahnstein.de\/wp-content\/uploads\/2022\/02\/IMG-20220220-WA00051-1152x1536.jpg 1152w, https:\/\/turm-lahnstein.de\/wp-content\/uploads\/2022\/02\/IMG-20220220-WA00051.jpg 1200w\" sizes=\"(max-width: 768px) 100vw, 768px\" \/><\/figure>\n\n\n\n<figure class=\"wp-block-image size-large\"><img loading=\"lazy\" decoding=\"async\" width=\"768\" height=\"1024\" src=\"https:\/\/turm-lahnstein.de\/wp-content\/uploads\/2022\/02\/IMG-20220220-WA00041-768x1024.jpg\" alt=\"\" class=\"wp-image-5583\" srcset=\"https:\/\/turm-lahnstein.de\/wp-content\/uploads\/2022\/02\/IMG-20220220-WA00041-768x1023.jpg 768w, https:\/\/turm-lahnstein.de\/wp-content\/uploads\/2022\/02\/IMG-20220220-WA00041-225x300.jpg 225w, https:\/\/turm-lahnstein.de\/wp-content\/uploads\/2022\/02\/IMG-20220220-WA00041-1153x1536.jpg 1153w, https:\/\/turm-lahnstein.de\/wp-content\/uploads\/2022\/02\/IMG-20220220-WA00041.jpg 1200w\" sizes=\"(max-width: 768px) 100vw, 768px\" \/><\/figure>\n","protected":false},"excerpt":{"rendered":"<p>Erfreulich, dass der Schachkalender f\u00fcr Jugendliche sich langsam wieder f\u00fcllt. Til nahm die Chance wahr und spielte bei den Rheinland-Pfalzmeisterschaften des j\u00fcngsten Jahrgangs mit.<\/p>\n","protected":false},"author":4,"featured_media":0,"comment_status":"open","ping_status":"open","sticky":false,"template":"","format":"standard","meta":{"footnotes":""},"categories":[1],"tags":[],"_links":{"self":[{"href":"https:\/\/turm-lahnstein.de\/index.php?rest_route=\/wp\/v2\/posts\/5581"}],"collection":[{"href":"https:\/\/turm-lahnstein.de\/index.php?rest_route=\/wp\/v2\/posts"}],"about":[{"href":"https:\/\/turm-lahnstein.de\/index.php?rest_route=\/wp\/v2\/types\/post"}],"author":[{"embeddable":true,"href":"https:\/\/turm-lahnstein.de\/index.php?rest_route=\/wp\/v2\/users\/4"}],"replies":[{"embeddable":true,"href":"https:\/\/turm-lahnstein.de\/index.php?rest_route=%2Fwp%2Fv2%2Fcomments&post=5581"}],"version-history":[{"count":1,"href":"https:\/\/turm-lahnstein.de\/index.php?rest_route=\/wp\/v2\/posts\/5581\/revisions"}],"predecessor-version":[{"id":5585,"href":"https:\/\/turm-lahnstein.de\/index.php?rest_route=\/wp\/v2\/posts\/5581\/revisions\/5585"}],"wp:attachment":[{"href":"https:\/\/turm-lahnstein.de\/index.php?rest_route=%2Fwp%2Fv2%2Fmedia&parent=5581"}],"wp:term":[{"taxonomy":"category","embeddable":true,"href":"https:\/\/turm-lahnstein.de\/index.php?rest_route=%2Fwp%2Fv2%2Fcategories&post=5581"},{"taxonomy":"post_tag","embeddable":true,"href":"https:\/\/turm-lahnstein.de\/index.php?rest_route=%2Fwp%2Fv2%2Ftags&post=5581"}],"curies":[{"name":"wp","href":"https:\/\/api.w.org\/{rel}","templated":true}]}}