{"id":5560,"date":"2021-11-25T09:02:36","date_gmt":"2021-11-25T09:02:36","guid":{"rendered":"https:\/\/turm-lahnstein.de\/?p=5560"},"modified":"2021-11-25T09:02:36","modified_gmt":"2021-11-25T09:02:36","slug":"pressebericht-spannendes-unentschieden-an-der-mosel","status":"publish","type":"post","link":"https:\/\/turm-lahnstein.de\/?p=5560","title":{"rendered":"Pressebericht: Spannendes Unentschieden an der Mosel"},"content":{"rendered":"\n<figure class=\"wp-block-image size-large\"><img loading=\"lazy\" decoding=\"async\" width=\"254\" height=\"248\" src=\"https:\/\/turm-lahnstein.de\/wp-content\/uploads\/2012\/09\/friedhelm_col.jpg\" alt=\"\" class=\"wp-image-68\"\/><\/figure>\n\n\n\n<p>Mit einem hartumk\u00e4mpften 3,5:3,5 Unentschieden kehrte der Schachverein Turm Lahnstein von der SG Schweich\/Trittenheim zur\u00fcck.\u00a0 Die zweite Runde der 2. Rheinland-Pfalz-Liga entwickelte sich hochspannend und fr\u00fch zeichnete sich ein knapper Ausgang des Mannschaftskampfes ab.<\/p>\n\n\n\n<!--more-->\n\n\n\n<p>Schlie\u00dflich gewannen Dennis Sanner und Julian Voss f\u00fcr die Schachspieler vom Rhein-Lahn-Eck und Thomas Buch, Ralf Teichgr\u00e4ber und Friedhelm Schneider steuerten Remisen bei.&nbsp; Nachdem Stephan B\u00fcchner verloren hatte, war es bei der letzten laufenden Partie von Sabrina Ley lange Zeit nicht klar, wer in einem komplizierten Endspiel \u00fcberhaupt die besseren Karten hatte. Letzten Endes musste sich die Lahnsteinerin geschlagen bekennen, so dass beide Mannschaften jeweils 3,5 Punkte gesammelt hatten und ein leistungsgerechtes Unentschieden feststand.&nbsp;<\/p>\n","protected":false},"excerpt":{"rendered":"<p>Mit einem hartumk\u00e4mpften 3,5:3,5 Unentschieden kehrte der Schachverein Turm Lahnstein von der SG Schweich\/Trittenheim zur\u00fcck.\u00a0 Die zweite Runde der 2. Rheinland-Pfalz-Liga entwickelte sich hochspannend und fr\u00fch zeichnete sich ein knapper [&hellip;]<\/p>\n","protected":false},"author":4,"featured_media":0,"comment_status":"open","ping_status":"open","sticky":false,"template":"","format":"standard","meta":{"footnotes":""},"categories":[1],"tags":[],"_links":{"self":[{"href":"https:\/\/turm-lahnstein.de\/index.php?rest_route=\/wp\/v2\/posts\/5560"}],"collection":[{"href":"https:\/\/turm-lahnstein.de\/index.php?rest_route=\/wp\/v2\/posts"}],"about":[{"href":"https:\/\/turm-lahnstein.de\/index.php?rest_route=\/wp\/v2\/types\/post"}],"author":[{"embeddable":true,"href":"https:\/\/turm-lahnstein.de\/index.php?rest_route=\/wp\/v2\/users\/4"}],"replies":[{"embeddable":true,"href":"https:\/\/turm-lahnstein.de\/index.php?rest_route=%2Fwp%2Fv2%2Fcomments&post=5560"}],"version-history":[{"count":1,"href":"https:\/\/turm-lahnstein.de\/index.php?rest_route=\/wp\/v2\/posts\/5560\/revisions"}],"predecessor-version":[{"id":5561,"href":"https:\/\/turm-lahnstein.de\/index.php?rest_route=\/wp\/v2\/posts\/5560\/revisions\/5561"}],"wp:attachment":[{"href":"https:\/\/turm-lahnstein.de\/index.php?rest_route=%2Fwp%2Fv2%2Fmedia&parent=5560"}],"wp:term":[{"taxonomy":"category","embeddable":true,"href":"https:\/\/turm-lahnstein.de\/index.php?rest_route=%2Fwp%2Fv2%2Fcategories&post=5560"},{"taxonomy":"post_tag","embeddable":true,"href":"https:\/\/turm-lahnstein.de\/index.php?rest_route=%2Fwp%2Fv2%2Ftags&post=5560"}],"curies":[{"name":"wp","href":"https:\/\/api.w.org\/{rel}","templated":true}]}}