{"id":5512,"date":"2021-11-04T08:24:28","date_gmt":"2021-11-04T08:24:28","guid":{"rendered":"https:\/\/turm-lahnstein.de\/?p=5512"},"modified":"2021-11-04T08:24:28","modified_gmt":"2021-11-04T08:24:28","slug":"pressebericht-alle-mannschaften-im-einsatz","status":"publish","type":"post","link":"https:\/\/turm-lahnstein.de\/?p=5512","title":{"rendered":"Pressebericht: Alle Mannschaften im Einsatz"},"content":{"rendered":"\n<figure class=\"wp-block-image size-large\"><img loading=\"lazy\" decoding=\"async\" width=\"254\" height=\"248\" src=\"https:\/\/turm-lahnstein.de\/wp-content\/uploads\/2012\/09\/friedhelm_col.jpg\" alt=\"\" class=\"wp-image-68\"\/><\/figure>\n\n\n\n<p>Beim Schachverein Turm Lahnstein waren alle drei Mannschaften aktiv. Beim 2 : 2 Unentschieden der dritten Vertretung in der B-Klasse holte Peter Bida den wichtigen Ausgleichspunkt durch seinen Sieg am dritten Brett gegen die G\u00e4ste vom SC Oberwesel.<\/p>\n\n\n\n<!--more-->\n\n\n\n<p>Die zweite Mannschaft hatte es samstagabends in der Bezirksliga mit dem VfR Koblenz III zu tun. Nach spannendem Spielverlauf ergab sich ein 3 : 3 Unentschieden. Peter Schreieck und Joshua Lenz \u00fcberzeugten mit ihren Partiegewinnen. Fabian Mader und Florian Auras steuerten je ein Remis bei. Sonntags hie\u00df der Gegner wieder VfR Koblenz beim Spiel Lahnstein I \u2013 VfR Koblenz I. Es entwickelte sich ein dramatisches Ringen um kleinste Vorteile und die am l\u00e4ngsten dauernde Partie von Stephan B\u00fcchner ging \u00fcber mehr als 5 \u00bd Stunden, bis der Sieg in der ersten Runde der 2. Rheinland-Pfalz-Liga feststand. Volle Punkte f\u00fcr Lahnstein holten neben Stephan B\u00fcchner auch Sabrina Ley an Brett zwei und Julian Voss. Drei Remispartien durch Egor Dranischnikow, Friedhelm Schneider und Fabian Mader, der sein Debut in der ersten Mannschaft gab, rundeten bei nur einer Verlustpartie den 4,5 : 2,5 Erfolg ab.<\/p>\n","protected":false},"excerpt":{"rendered":"<p>Beim Schachverein Turm Lahnstein waren alle drei Mannschaften aktiv. Beim 2 : 2 Unentschieden der dritten Vertretung in der B-Klasse holte Peter Bida den wichtigen Ausgleichspunkt durch seinen Sieg am [&hellip;]<\/p>\n","protected":false},"author":4,"featured_media":0,"comment_status":"open","ping_status":"open","sticky":false,"template":"","format":"standard","meta":{"footnotes":""},"categories":[1],"tags":[],"_links":{"self":[{"href":"https:\/\/turm-lahnstein.de\/index.php?rest_route=\/wp\/v2\/posts\/5512"}],"collection":[{"href":"https:\/\/turm-lahnstein.de\/index.php?rest_route=\/wp\/v2\/posts"}],"about":[{"href":"https:\/\/turm-lahnstein.de\/index.php?rest_route=\/wp\/v2\/types\/post"}],"author":[{"embeddable":true,"href":"https:\/\/turm-lahnstein.de\/index.php?rest_route=\/wp\/v2\/users\/4"}],"replies":[{"embeddable":true,"href":"https:\/\/turm-lahnstein.de\/index.php?rest_route=%2Fwp%2Fv2%2Fcomments&post=5512"}],"version-history":[{"count":1,"href":"https:\/\/turm-lahnstein.de\/index.php?rest_route=\/wp\/v2\/posts\/5512\/revisions"}],"predecessor-version":[{"id":5513,"href":"https:\/\/turm-lahnstein.de\/index.php?rest_route=\/wp\/v2\/posts\/5512\/revisions\/5513"}],"wp:attachment":[{"href":"https:\/\/turm-lahnstein.de\/index.php?rest_route=%2Fwp%2Fv2%2Fmedia&parent=5512"}],"wp:term":[{"taxonomy":"category","embeddable":true,"href":"https:\/\/turm-lahnstein.de\/index.php?rest_route=%2Fwp%2Fv2%2Fcategories&post=5512"},{"taxonomy":"post_tag","embeddable":true,"href":"https:\/\/turm-lahnstein.de\/index.php?rest_route=%2Fwp%2Fv2%2Ftags&post=5512"}],"curies":[{"name":"wp","href":"https:\/\/api.w.org\/{rel}","templated":true}]}}