{"id":5509,"date":"2021-10-28T08:04:52","date_gmt":"2021-10-28T08:04:52","guid":{"rendered":"https:\/\/turm-lahnstein.de\/?p=5509"},"modified":"2021-10-28T08:04:52","modified_gmt":"2021-10-28T08:04:52","slug":"pressebericht-ralf-teichgraeber-neuer-vereinsmeister","status":"publish","type":"post","link":"https:\/\/turm-lahnstein.de\/?p=5509","title":{"rendered":"Pressebericht: Ralf Teichgr\u00e4ber neuer Vereinsmeister"},"content":{"rendered":"\n<figure class=\"wp-block-image size-large\"><img loading=\"lazy\" decoding=\"async\" width=\"254\" height=\"248\" src=\"https:\/\/turm-lahnstein.de\/wp-content\/uploads\/2012\/09\/friedhelm_col.jpg\" alt=\"\" class=\"wp-image-68\"\/><\/figure>\n\n\n\n<p>Die Stadt- und Vereinsmeisterschaft im Schach wurde auch in diesem Jahr vom Schachverein Turm Lahnstein ausgerichtet. Die Rundenzahl war auf f\u00fcnf reduziert worden, da der Spielbetrieb erst im Sommer wieder losgehen konnte. So war die Teilnehmerzahl mit zw\u00f6lf Personen auch \u00fcberschaubar, bildete aber eine solide Basis, damit das Spielen am Schachbrett wieder regelm\u00e4\u00dfiger Bestandteil jedes Freitags werden konnte.<\/p>\n\n\n\n<!--more-->\n\n\n\n<p>Mit Ralf Teichgr\u00e4ber , der auch die h\u00f6chste DWZ(Deutsche Wertungszahl), eine Bemessungszahl der spielerischen St\u00e4rke aufgrund vorheriger Ergebnisse,\u00a0 aufwies, trug sich ein neuer Meister in die Siegesliste ein. Mit f\u00fcnf Gewinnen aus f\u00fcnf Partien fiel sein Sieg deutlich aus.\u00a0 Mit 3,5 Punkten und besserer Zweitwertung sicherte sich der dreizehnj\u00e4hrige Fabian Mader die Vizemeisterschaft und damit den Titel des Jugendmeisters. Michael Sefeloge folgte knapp geschlagen auf dem dritten Platz.\u00a0\u00a0<\/p>\n","protected":false},"excerpt":{"rendered":"<p>Die Stadt- und Vereinsmeisterschaft im Schach wurde auch in diesem Jahr vom Schachverein Turm Lahnstein ausgerichtet. Die Rundenzahl war auf f\u00fcnf reduziert worden, da der Spielbetrieb erst im Sommer wieder [&hellip;]<\/p>\n","protected":false},"author":4,"featured_media":0,"comment_status":"open","ping_status":"open","sticky":false,"template":"","format":"standard","meta":{"footnotes":""},"categories":[1],"tags":[],"_links":{"self":[{"href":"https:\/\/turm-lahnstein.de\/index.php?rest_route=\/wp\/v2\/posts\/5509"}],"collection":[{"href":"https:\/\/turm-lahnstein.de\/index.php?rest_route=\/wp\/v2\/posts"}],"about":[{"href":"https:\/\/turm-lahnstein.de\/index.php?rest_route=\/wp\/v2\/types\/post"}],"author":[{"embeddable":true,"href":"https:\/\/turm-lahnstein.de\/index.php?rest_route=\/wp\/v2\/users\/4"}],"replies":[{"embeddable":true,"href":"https:\/\/turm-lahnstein.de\/index.php?rest_route=%2Fwp%2Fv2%2Fcomments&post=5509"}],"version-history":[{"count":1,"href":"https:\/\/turm-lahnstein.de\/index.php?rest_route=\/wp\/v2\/posts\/5509\/revisions"}],"predecessor-version":[{"id":5510,"href":"https:\/\/turm-lahnstein.de\/index.php?rest_route=\/wp\/v2\/posts\/5509\/revisions\/5510"}],"wp:attachment":[{"href":"https:\/\/turm-lahnstein.de\/index.php?rest_route=%2Fwp%2Fv2%2Fmedia&parent=5509"}],"wp:term":[{"taxonomy":"category","embeddable":true,"href":"https:\/\/turm-lahnstein.de\/index.php?rest_route=%2Fwp%2Fv2%2Fcategories&post=5509"},{"taxonomy":"post_tag","embeddable":true,"href":"https:\/\/turm-lahnstein.de\/index.php?rest_route=%2Fwp%2Fv2%2Ftags&post=5509"}],"curies":[{"name":"wp","href":"https:\/\/api.w.org\/{rel}","templated":true}]}}