{"id":5506,"date":"2021-10-22T13:59:10","date_gmt":"2021-10-22T13:59:10","guid":{"rendered":"https:\/\/turm-lahnstein.de\/?p=5506"},"modified":"2021-10-22T13:59:10","modified_gmt":"2021-10-22T13:59:10","slug":"bowling","status":"publish","type":"post","link":"https:\/\/turm-lahnstein.de\/?p=5506","title":{"rendered":"Bowling"},"content":{"rendered":"\n<figure class=\"wp-block-image size-large\"><img loading=\"lazy\" decoding=\"async\" width=\"1024\" height=\"768\" src=\"https:\/\/turm-lahnstein.de\/wp-content\/uploads\/2021\/10\/Bowling1-1024x768.jpg\" alt=\"\" class=\"wp-image-5507\" srcset=\"https:\/\/turm-lahnstein.de\/wp-content\/uploads\/2021\/10\/Bowling1-1024x768.jpg 1024w, https:\/\/turm-lahnstein.de\/wp-content\/uploads\/2021\/10\/Bowling1-300x225.jpg 300w, https:\/\/turm-lahnstein.de\/wp-content\/uploads\/2021\/10\/Bowling1-768x576.jpg 768w, https:\/\/turm-lahnstein.de\/wp-content\/uploads\/2021\/10\/Bowling1-1536x1152.jpg 1536w, https:\/\/turm-lahnstein.de\/wp-content\/uploads\/2021\/10\/Bowling1.jpg 1600w\" sizes=\"(max-width: 1024px) 100vw, 1024px\" \/><figcaption>ENHANCE_NONE<\/figcaption><\/figure>\n\n\n\n<p>Dieses Jahr in den Herbstferien tauschten  13 T\u00fcrmlern und 6 Eltern die Figuren mit Bowlingkugeln.<\/p>\n\n\n\n<p>Unter den Erwachsenen hatte sehr souver\u00e4n Niclas Stiefpapa Patrick die Nase vorne. Er r\u00e4umte fast in jedem Spiel ab, da konnten alle anderen nur staunen. Bei den \u00e4lteren Jugendlichen konnte sich David knapp vor Lasse durchsetzen. Ganz knapp war es bei den j\u00fcngeren Jugendlichen. Im letzten Wurf legte Finn vor. Jetzt konnten Niclas, Leo und Yannik mit einem einfachen Treffer vorbeiziehen, aber alle drei versenkten die Kugeln rechts und links und so war Finn    der Sieger. Uns allen hat es viel Spa\u00df gemacht und vielleicht bald einmal wieder.<\/p>\n","protected":false},"excerpt":{"rendered":"<p>Dieses Jahr in den Herbstferien tauschten 13 T\u00fcrmlern und 6 Eltern die Figuren mit Bowlingkugeln. Unter den Erwachsenen hatte sehr souver\u00e4n Niclas Stiefpapa Patrick die Nase vorne. Er r\u00e4umte fast [&hellip;]<\/p>\n","protected":false},"author":4,"featured_media":0,"comment_status":"open","ping_status":"open","sticky":false,"template":"","format":"standard","meta":{"footnotes":""},"categories":[1],"tags":[],"_links":{"self":[{"href":"https:\/\/turm-lahnstein.de\/index.php?rest_route=\/wp\/v2\/posts\/5506"}],"collection":[{"href":"https:\/\/turm-lahnstein.de\/index.php?rest_route=\/wp\/v2\/posts"}],"about":[{"href":"https:\/\/turm-lahnstein.de\/index.php?rest_route=\/wp\/v2\/types\/post"}],"author":[{"embeddable":true,"href":"https:\/\/turm-lahnstein.de\/index.php?rest_route=\/wp\/v2\/users\/4"}],"replies":[{"embeddable":true,"href":"https:\/\/turm-lahnstein.de\/index.php?rest_route=%2Fwp%2Fv2%2Fcomments&post=5506"}],"version-history":[{"count":1,"href":"https:\/\/turm-lahnstein.de\/index.php?rest_route=\/wp\/v2\/posts\/5506\/revisions"}],"predecessor-version":[{"id":5508,"href":"https:\/\/turm-lahnstein.de\/index.php?rest_route=\/wp\/v2\/posts\/5506\/revisions\/5508"}],"wp:attachment":[{"href":"https:\/\/turm-lahnstein.de\/index.php?rest_route=%2Fwp%2Fv2%2Fmedia&parent=5506"}],"wp:term":[{"taxonomy":"category","embeddable":true,"href":"https:\/\/turm-lahnstein.de\/index.php?rest_route=%2Fwp%2Fv2%2Fcategories&post=5506"},{"taxonomy":"post_tag","embeddable":true,"href":"https:\/\/turm-lahnstein.de\/index.php?rest_route=%2Fwp%2Fv2%2Ftags&post=5506"}],"curies":[{"name":"wp","href":"https:\/\/api.w.org\/{rel}","templated":true}]}}