{"id":5504,"date":"2021-10-21T07:16:29","date_gmt":"2021-10-21T07:16:29","guid":{"rendered":"https:\/\/turm-lahnstein.de\/?p=5504"},"modified":"2021-10-21T07:16:29","modified_gmt":"2021-10-21T07:16:29","slug":"pressebericht-fabian-mader-neuer-jugend-rheinlandmeister","status":"publish","type":"post","link":"https:\/\/turm-lahnstein.de\/?p=5504","title":{"rendered":"Pressebericht: Fabian Mader neuer Jugend-Rheinlandmeister"},"content":{"rendered":"\n<figure class=\"wp-block-image size-large\"><img loading=\"lazy\" decoding=\"async\" width=\"254\" height=\"248\" src=\"https:\/\/turm-lahnstein.de\/wp-content\/uploads\/2012\/09\/friedhelm_col.jpg\" alt=\"\" class=\"wp-image-68\"\/><\/figure>\n\n\n\n<p>Bei den Jugend-Rheinlandmeisterschaften in der Jugendherberge Diez hatte der Schachverein Turm Lahnstein wieder mehrere Eisen im Feuer. In der Altersklasse U(nter) 14 wurde Fabian Mader seiner Favoritenrolle gerecht und sicherte sich souver\u00e4n die Meisterschaft.\u00a0 Bei seinen 6,5 von sieben m\u00f6glichen Punkten geriet er nie in Verlustgefahr und dominierte das Feld. Franziska Herbel spielte ebenfalls ein gutes Turnier\u00a0 und holte sich mit drei Punkten den Meistertitel der M\u00e4dchen. Patrick Br\u00fchl war erfreulicherweise als Nachr\u00fccker ins Teilnehmerfeld gekommen und freute sich \u00fcber zwei Punkte.<\/p>\n\n\n\n<!--more-->\n\n\n\n<p>&nbsp;In der Altersklasse U 16 \u00fcberzeugte Joshua Lenz mit 4,5 Punkten aus sieben Runden und konnte sich damit den Vizemeistertitel sichern. Vereinskamerad Lasse Werling behauptete sich mit drei Punkten im Mittelfeld. Schade, dass der dritte Lahnsteiner in dieser Altersklasse, David Meuer, das Turnier wegen Krankheit vorzeitig beenden musste. &nbsp;&nbsp;&nbsp;<\/p>\n","protected":false},"excerpt":{"rendered":"<p>Bei den Jugend-Rheinlandmeisterschaften in der Jugendherberge Diez hatte der Schachverein Turm Lahnstein wieder mehrere Eisen im Feuer. In der Altersklasse U(nter) 14 wurde Fabian Mader seiner Favoritenrolle gerecht und sicherte [&hellip;]<\/p>\n","protected":false},"author":4,"featured_media":0,"comment_status":"open","ping_status":"open","sticky":false,"template":"","format":"standard","meta":{"footnotes":""},"categories":[1],"tags":[],"_links":{"self":[{"href":"https:\/\/turm-lahnstein.de\/index.php?rest_route=\/wp\/v2\/posts\/5504"}],"collection":[{"href":"https:\/\/turm-lahnstein.de\/index.php?rest_route=\/wp\/v2\/posts"}],"about":[{"href":"https:\/\/turm-lahnstein.de\/index.php?rest_route=\/wp\/v2\/types\/post"}],"author":[{"embeddable":true,"href":"https:\/\/turm-lahnstein.de\/index.php?rest_route=\/wp\/v2\/users\/4"}],"replies":[{"embeddable":true,"href":"https:\/\/turm-lahnstein.de\/index.php?rest_route=%2Fwp%2Fv2%2Fcomments&post=5504"}],"version-history":[{"count":1,"href":"https:\/\/turm-lahnstein.de\/index.php?rest_route=\/wp\/v2\/posts\/5504\/revisions"}],"predecessor-version":[{"id":5505,"href":"https:\/\/turm-lahnstein.de\/index.php?rest_route=\/wp\/v2\/posts\/5504\/revisions\/5505"}],"wp:attachment":[{"href":"https:\/\/turm-lahnstein.de\/index.php?rest_route=%2Fwp%2Fv2%2Fmedia&parent=5504"}],"wp:term":[{"taxonomy":"category","embeddable":true,"href":"https:\/\/turm-lahnstein.de\/index.php?rest_route=%2Fwp%2Fv2%2Fcategories&post=5504"},{"taxonomy":"post_tag","embeddable":true,"href":"https:\/\/turm-lahnstein.de\/index.php?rest_route=%2Fwp%2Fv2%2Ftags&post=5504"}],"curies":[{"name":"wp","href":"https:\/\/api.w.org\/{rel}","templated":true}]}}