{"id":5448,"date":"2021-10-03T07:01:09","date_gmt":"2021-10-03T07:01:09","guid":{"rendered":"https:\/\/turm-lahnstein.de\/?p=5448"},"modified":"2021-10-03T07:01:09","modified_gmt":"2021-10-03T07:01:09","slug":"vereinsmeisterschaft-2021-nach-vier-runden","status":"publish","type":"post","link":"https:\/\/turm-lahnstein.de\/?p=5448","title":{"rendered":"Vereinsmeisterschaft 2021 nach vier Runden"},"content":{"rendered":"\n<p>B<em>ericht vonTurnierleiter Michael Sefeloge<\/em><\/p>\n\n\n\n<p><strong>Vereinsmeisterschaft 2021 nach vier Runden<\/strong><\/p>\n\n\n\n<p>Leider gab es an diesem Spieltag zwei kampflose Entscheidungen, die so aber nicht vorhersehbar waren.<\/p>\n\n\n\n<p>Lasse Werling und Fabian Mader trennten sich Remis, auch dieses Spiel war lange gef\u00e4hrdet. Erst der eine krank, dann der andere in Frankreich; fast ein Wunder, dass noch gespielt werden konnte.<\/p>\n\n\n\n<p>Dann aber ging es richtig los. Patrick Br\u00fchl wehrte sich lange hartn\u00e4ckig gegen Peter Schreieck, bis dann das Materialverh\u00e4ltnis deutlich zugunsten des Wei\u00dfspielers kippte. Das es dann am Ende einz\u00fcgig Matt wurde, war der zunehmenden M\u00fcdigkeit von Patrick geschuldet, war es inzwischen doch schon 22.30 Uhr geworden.<\/p>\n\n\n\n<!--more-->\n\n\n\n<p>Auch Martin Schmidt konnte lange Zeit die Partie ausgeglichen gestalten, es dauerte rund zwei Stunden, bis sich dann kleine Fehler einschlichen, die Friedhelm Schneider zum Gewinn reichten.<\/p>\n\n\n\n<p>Im Spitzenspiel dieser Runde war das Geschehen lange Zeit offen, in einem Sizilianer mit ungleichen Rochaden kam es darauf an, wer dem gegnerischen K\u00f6nig zuerst an den Kragen geht. Schwarz schien etwas schneller zu sein, konnte sogar die Qualit\u00e4t gewinnen, doch ein ganz starker Damenzug mit anschlie\u00dfenden Opfer gegen einen Turm brachte die Entscheidung f\u00fcr Ralf Teichgr\u00e4ber, da die Grundreihe von mir schwach geworden war. Mit vier Punkten f\u00fchrt er jetzt die Tabelle mit einem ganzen Punkt Vorsprung an.<\/p>\n\n\n\n<p>Ergebnisse der 4. Runde.<\/p>\n\n\n\n<figure class=\"wp-block-table\"><table><tbody><tr><td>Ralf Teichgr\u00e4ber<\/td><td>1:0<\/td><td>Michael Sefeloge<\/td><\/tr><tr><td>Lasse Werling<\/td><td>r<\/td><td>Fabian Mader<\/td><\/tr><tr><td>Martin Schmidt<\/td><td>0:1<\/td><td>Friedhelm Schneider<\/td><\/tr><tr><td>Peter Schreieck<\/td><td>1:0<\/td><td>Patrick Br\u00fchl<\/td><\/tr><tr><td>Kurt Sanner<\/td><td>+:-<\/td><td>Christian Samtleben<\/td><\/tr><tr><td>Joshua Lenz<\/td><td>+:-<\/td><td>Franziska Herbel<\/td><\/tr><\/tbody><\/table><\/figure>\n\n\n\n<p>Tabelle nach vier Runden.<\/p>\n\n\n\n<figure class=\"wp-block-table\"><table><tbody><tr><td>Rang<\/td><td>Teilnehmer<\/td><td>DWZ<\/td><td>Punkte<\/td><td>BH<\/td><td>So.Be.<\/td><\/tr><tr><td>&nbsp;<\/td><td>&nbsp;<\/td><td>&nbsp;<\/td><td>&nbsp;<\/td><td>&nbsp;<\/td><td>&nbsp;<\/td><\/tr><tr><td>01<\/td><td>Ralf Teichgr\u00e4ber<\/td><td>1892<\/td><td>4.0<\/td><td>8.5<\/td><td>8.50<\/td><\/tr><tr><td>02<\/td><td>Friedhelm Schneider<\/td><td>1872<\/td><td>3.0<\/td><td>8.5<\/td><td>6.00<\/td><\/tr><tr><td>03<\/td><td>Fabian Mader<\/td><td>1583<\/td><td>2.5<\/td><td>10.0<\/td><td>4.75<\/td><\/tr><tr><td>04<\/td><td>Michael Sefeloge<\/td><td>1573<\/td><td>2.5<\/td><td>9.0<\/td><td>3.75<\/td><\/tr><tr><td>05<\/td><td>Peter Schreieck<\/td><td>1740<\/td><td>2.5<\/td><td>7.5<\/td><td>3.25<\/td><\/tr><tr><td>06<\/td><td>Lasse Werling<\/td><td>1501<\/td><td>2.5<\/td><td>6.5<\/td><td>2.25<\/td><\/tr><tr><td>07<\/td><td>Joshua Lenz<\/td><td>1540<\/td><td>2.0<\/td><td>8.5<\/td><td>2.50<\/td><\/tr><tr><td>08<\/td><td>Kurt Sanner<\/td><td>1613<\/td><td>2.0<\/td><td>8.0<\/td><td>1.50<\/td><\/tr><tr><td>09<\/td><td>Christian Samtleben<\/td><td>1267<\/td><td>1.0<\/td><td>7.5<\/td><td>1.00<\/td><\/tr><tr><td>10<\/td><td>Patrick Br\u00fchl<\/td><td>998<\/td><td>1.0<\/td><td>7.5<\/td><td>1.00<\/td><\/tr><tr><td>11<\/td><td>Martin Schmidt<\/td><td>&nbsp;<\/td><td>1.0<\/td><td>7.5<\/td><td>0.50<\/td><\/tr><tr><td>12<\/td><td>Franziska Herbel<\/td><td>907<\/td><td>0.0<\/td><td>7.0<\/td><td>0.00<\/td><\/tr><\/tbody><\/table><\/figure>\n\n\n\n<p>Auslosung der f\u00fcnften und letzten Runde (Hauptspieltag <strong>15. Oktober 2021<\/strong>).<\/p>\n\n\n\n<figure class=\"wp-block-table\"><table><tbody><tr><td>Friedhelm Schneider<\/td><td>&nbsp;<\/td><td>Ralf Teichgr\u00e4ber<\/td><\/tr><tr><td>Fabian Mader<\/td><td>&nbsp;<\/td><td>Peter Schreieck<\/td><\/tr><tr><td>Michael Sefeloge<\/td><td>&nbsp;<\/td><td>Lasse Werling<\/td><\/tr><tr><td>Kurt Sanner<\/td><td>&nbsp;<\/td><td>Joshua Lenz<\/td><\/tr><tr><td>Patrick Br\u00fchl<\/td><td>&nbsp;<\/td><td>Martin Schmidt<\/td><\/tr><tr><td>Franziska Herbel<\/td><td>&nbsp;<\/td><td>Christian Samtleben<\/td><\/tr><\/tbody><\/table><\/figure>\n","protected":false},"excerpt":{"rendered":"<p>Bericht vonTurnierleiter Michael Sefeloge Vereinsmeisterschaft 2021 nach vier Runden Leider gab es an diesem Spieltag zwei kampflose Entscheidungen, die so aber nicht vorhersehbar waren. Lasse Werling und Fabian Mader trennten [&hellip;]<\/p>\n","protected":false},"author":4,"featured_media":0,"comment_status":"open","ping_status":"open","sticky":false,"template":"","format":"standard","meta":{"footnotes":""},"categories":[1],"tags":[],"_links":{"self":[{"href":"https:\/\/turm-lahnstein.de\/index.php?rest_route=\/wp\/v2\/posts\/5448"}],"collection":[{"href":"https:\/\/turm-lahnstein.de\/index.php?rest_route=\/wp\/v2\/posts"}],"about":[{"href":"https:\/\/turm-lahnstein.de\/index.php?rest_route=\/wp\/v2\/types\/post"}],"author":[{"embeddable":true,"href":"https:\/\/turm-lahnstein.de\/index.php?rest_route=\/wp\/v2\/users\/4"}],"replies":[{"embeddable":true,"href":"https:\/\/turm-lahnstein.de\/index.php?rest_route=%2Fwp%2Fv2%2Fcomments&post=5448"}],"version-history":[{"count":1,"href":"https:\/\/turm-lahnstein.de\/index.php?rest_route=\/wp\/v2\/posts\/5448\/revisions"}],"predecessor-version":[{"id":5449,"href":"https:\/\/turm-lahnstein.de\/index.php?rest_route=\/wp\/v2\/posts\/5448\/revisions\/5449"}],"wp:attachment":[{"href":"https:\/\/turm-lahnstein.de\/index.php?rest_route=%2Fwp%2Fv2%2Fmedia&parent=5448"}],"wp:term":[{"taxonomy":"category","embeddable":true,"href":"https:\/\/turm-lahnstein.de\/index.php?rest_route=%2Fwp%2Fv2%2Fcategories&post=5448"},{"taxonomy":"post_tag","embeddable":true,"href":"https:\/\/turm-lahnstein.de\/index.php?rest_route=%2Fwp%2Fv2%2Ftags&post=5448"}],"curies":[{"name":"wp","href":"https:\/\/api.w.org\/{rel}","templated":true}]}}