{"id":5443,"date":"2021-09-24T15:13:39","date_gmt":"2021-09-24T15:13:39","guid":{"rendered":"https:\/\/turm-lahnstein.de\/?p=5443"},"modified":"2021-09-24T15:13:39","modified_gmt":"2021-09-24T15:13:39","slug":"vereinsmeisterschaft-2021-nach-drei-runden","status":"publish","type":"post","link":"https:\/\/turm-lahnstein.de\/?p=5443","title":{"rendered":"Vereinsmeisterschaft 2021 nach drei Runden"},"content":{"rendered":"\n<p>Bericht von Turnierleiter Michael Sefeloge<\/p>\n\n\n\n<p>In dieser Runde wurde wieder von allen Spielern um den vollen Punkt gerungen, kein Remis war die Folge.<\/p>\n\n\n\n<p>Christian Samtleben gegen Joshua Lenz und Patrick Br\u00fchl gegen Lasse Werling spielten vor, leider habe ich au\u00dfer dem Endergebnis nichts mitbekommen.<\/p>\n\n\n\n<p>Auch in der Partie Friedhelm Schneider gegen Peter Schreieck konnte ich nicht sehen, warum das Spiel pl\u00f6tzlich zu Gunsten des Wei\u00dfspielers entschieden war. Der Grund war die wenige Zeit, die ich in meiner eigenen Partie noch hatte. Franziska Herbel kam irgendwann eine Figur abhanden, auch wenn die Partie fast \u00fcber die volle Zeit ging, Martin Schmidt lie\u00df nichts mehr anbrennen.<\/p>\n\n\n\n<!--more-->\n\n\n\n<p>In meiner Begegnung mit Kurt Sanner war im Mittelspiel eine Art von \u201eVerstopfung\u201c eingetreten, irgendwie ging es nicht weiter. St\u00e4ndig wurden Figuren umgruppiert, ohne einen Vorteil f\u00fcr beide Spieler. Remis w\u00e4re eigentlich die logische Folge gewesen. Noch vor dem 40. Zug hatte ich weniger als f\u00fcnf Minuten auf der Uhr, Kurt Sanner mehr als zwanzig! Und trotzdem war es nicht ich, der patzte, sondern mein Gegen\u00fcber, da pl\u00f6tzlich seine Dame gegen einen Turm von mir verloren ging. Der Rest von mir glich einer Blitzpartie, als Kurt Sanner aufgab, hatte ich noch gesch\u00e4tzte 30 Sekunden auf der Uhr.<\/p>\n\n\n\n<p>Das Spitzenspiel dieser Runde zwischen Fabian Mader und Ralf Teichgr\u00e4ber endete \u00fcberraschend mit einer Miniatur. In einem \u201eItalienischen Aufbau\u201c beider Spieler schlug die Dame des Schwarzen pl\u00f6tzlich wie aus heiterem Himmel in die K\u00f6nigsstellung von Fabian einen Springer. Dieser durfte nicht zur\u00fcckschlagen, weil ganz weit am anderen Ende des Brettes ein L\u00e4ufer diesen Bauer gefesselt hatte. Als im Zuge dieser Entwicklung auch noch ein zweiter Springer abhandenkam, gab Fabian die Partie auf.<\/p>\n\n\n\n<p>Ergebnisse der 3. Runde.<\/p>\n\n\n\n<figure class=\"wp-block-table\"><table><tbody><tr><td>Fabian Mader<\/td><td>0:1<\/td><td>Ralf Teichgr\u00e4ber<\/td><\/tr><tr><td>Friedhelm Schneider<\/td><td>1:0<\/td><td>Peter Schreieck<\/td><\/tr><tr><td>Michael Sefeloge<\/td><td>1:0<\/td><td>Kurt Sanner<\/td><\/tr><tr><td>Patrick Br\u00fchl<\/td><td>0:1<\/td><td>Lasse Werling<\/td><\/tr><tr><td>Christian Samtleben<\/td><td>0:1<\/td><td>Joshua Lenz<\/td><\/tr><tr><td>Franziska Herbel<\/td><td>0:1<\/td><td>Martin Schmidt<\/td><\/tr><\/tbody><\/table><\/figure>\n\n\n\n<p>Tabelle nach drei Runden.<\/p>\n\n\n\n<figure class=\"wp-block-table\"><table><tbody><tr><td>Rang<\/td><td>Teilnehmer<\/td><td>DWZ<\/td><td>Punkte<\/td><td>BH<\/td><td>So.Be.<\/td><\/tr><tr><td>&nbsp;<\/td><td>&nbsp;<\/td><td>&nbsp;<\/td><td>&nbsp;<\/td><td>&nbsp;<\/td><td>&nbsp;<\/td><\/tr><tr><td>01<\/td><td>Ralf Teichgr\u00e4ber<\/td><td>1892<\/td><td>3.0<\/td><td>4.5<\/td><td>4.50<\/td><\/tr><tr><td>02<\/td><td>Michael Sefeloge<\/td><td>1573<\/td><td>2.5<\/td><td>3.5<\/td><td>2.75<\/td><\/tr><tr><td>03<\/td><td>Friedhelm Schneider<\/td><td>1872<\/td><td>2.0<\/td><td>5.5<\/td><td>3.50<\/td><\/tr><tr><td>04<\/td><td>Fabian Mader<\/td><td>1583<\/td><td>2.0<\/td><td>5.0<\/td><td>2.00<\/td><\/tr><tr><td>05<\/td><td>Lasse Werling<\/td><td>1501<\/td><td>2.0<\/td><td>2.5<\/td><td>0.50<\/td><\/tr><tr><td>06<\/td><td>Peter Schreieck<\/td><td>1740<\/td><td>1.5<\/td><td>5.5<\/td><td>2.25<\/td><\/tr><tr><td>07<\/td><td>Kurt Sanner<\/td><td>1613<\/td><td>1.0<\/td><td>6.0<\/td><td>0.50<\/td><\/tr><tr><td>08<\/td><td>Joshua Lenz<\/td><td>1540<\/td><td>1.0<\/td><td>5.5<\/td><td>1.00<\/td><\/tr><tr><td>09<\/td><td>Christian Samtleben<\/td><td>1267<\/td><td>1.0<\/td><td>4.0<\/td><td>1.00<\/td><\/tr><tr><td>10<\/td><td>Patrick Br\u00fchl<\/td><td>998<\/td><td>1.0<\/td><td>3.5<\/td><td>0.50<\/td><\/tr><tr><td>11<\/td><td>Martin Schmidt<\/td><td>&nbsp;<\/td><td>1.0<\/td><td>3.5<\/td><td>0.00<\/td><\/tr><tr><td>12<\/td><td>Franziska Herbel<\/td><td>907<\/td><td>0.0<\/td><td>5.0<\/td><td>0.00<\/td><\/tr><\/tbody><\/table><\/figure>\n\n\n\n<p>Auslosung der vierten Runde (Hauptspieltag 1. Oktober 2021).<\/p>\n\n\n\n<figure class=\"wp-block-table\"><table><tbody><tr><td>Ralf Teichgr\u00e4ber<\/td><td>&nbsp;<\/td><td>Michael Sefeloge<\/td><\/tr><tr><td>Lasse Werling<\/td><td>&nbsp;<\/td><td>Fabian Mader<\/td><\/tr><tr><td>Martin Schmidt<\/td><td>&nbsp;<\/td><td>Friedhelm Schneider<\/td><\/tr><tr><td>Peter Schreieck<\/td><td>&nbsp;<\/td><td>Patrick Br\u00fchl<\/td><\/tr><tr><td>Kurt Sanner<\/td><td>&nbsp;<\/td><td>Christian Samtleben<\/td><\/tr><tr><td>Joshua Lenz<\/td><td>&nbsp;<\/td><td>Franziska Herbel<\/td><\/tr><\/tbody><\/table><\/figure>\n","protected":false},"excerpt":{"rendered":"<p>Bericht von Turnierleiter Michael Sefeloge In dieser Runde wurde wieder von allen Spielern um den vollen Punkt gerungen, kein Remis war die Folge. Christian Samtleben gegen Joshua Lenz und Patrick [&hellip;]<\/p>\n","protected":false},"author":4,"featured_media":0,"comment_status":"open","ping_status":"open","sticky":false,"template":"","format":"standard","meta":{"footnotes":""},"categories":[1],"tags":[],"_links":{"self":[{"href":"https:\/\/turm-lahnstein.de\/index.php?rest_route=\/wp\/v2\/posts\/5443"}],"collection":[{"href":"https:\/\/turm-lahnstein.de\/index.php?rest_route=\/wp\/v2\/posts"}],"about":[{"href":"https:\/\/turm-lahnstein.de\/index.php?rest_route=\/wp\/v2\/types\/post"}],"author":[{"embeddable":true,"href":"https:\/\/turm-lahnstein.de\/index.php?rest_route=\/wp\/v2\/users\/4"}],"replies":[{"embeddable":true,"href":"https:\/\/turm-lahnstein.de\/index.php?rest_route=%2Fwp%2Fv2%2Fcomments&post=5443"}],"version-history":[{"count":1,"href":"https:\/\/turm-lahnstein.de\/index.php?rest_route=\/wp\/v2\/posts\/5443\/revisions"}],"predecessor-version":[{"id":5444,"href":"https:\/\/turm-lahnstein.de\/index.php?rest_route=\/wp\/v2\/posts\/5443\/revisions\/5444"}],"wp:attachment":[{"href":"https:\/\/turm-lahnstein.de\/index.php?rest_route=%2Fwp%2Fv2%2Fmedia&parent=5443"}],"wp:term":[{"taxonomy":"category","embeddable":true,"href":"https:\/\/turm-lahnstein.de\/index.php?rest_route=%2Fwp%2Fv2%2Fcategories&post=5443"},{"taxonomy":"post_tag","embeddable":true,"href":"https:\/\/turm-lahnstein.de\/index.php?rest_route=%2Fwp%2Fv2%2Ftags&post=5443"}],"curies":[{"name":"wp","href":"https:\/\/api.w.org\/{rel}","templated":true}]}}