{"id":5427,"date":"2021-09-06T09:45:10","date_gmt":"2021-09-06T09:45:10","guid":{"rendered":"https:\/\/turm-lahnstein.de\/?p=5427"},"modified":"2021-09-06T09:45:10","modified_gmt":"2021-09-06T09:45:10","slug":"vereinsmeisterschaft-2021-nach-der-2-runde","status":"publish","type":"post","link":"https:\/\/turm-lahnstein.de\/?p=5427","title":{"rendered":"Vereinsmeisterschaft 2021 nach der 2.Runde"},"content":{"rendered":"\n<p><em>Bericht von Turnierleiter Michael Sefeloge<\/em><\/p>\n\n\n\n<p>Seit 1980 ist unsere Vereinsmeisterschaft die erste Veranstaltung im neuen Jahr, und auch in diesem Jahr sollte diese Tradition so fortgef\u00fchrt werden, wenn auch unter v\u00f6llig anderen Voraussetzungen. Nachdem vierzig Jahre lang immer im Januar begonnen wurde, konnte diesmal aus den bekannten Gr\u00fcnden die VM erst im Juli gestartet werden. Und auch dann gab es noch eine wochenlange Verz\u00f6gerung w\u00e4hrend der ersten Runde, die Sommerferien, Urlaub \u00a0und andere Termine verhinderten eine rasche Austragung.<\/p>\n\n\n\n<!--more-->\n\n\n\n<p>Mit elf Teilnehmern und Franziska Herbel als zw\u00f6lfte wurde unter diesen Umst\u00e4nden noch eine respektable Teilnehmerzahl erreicht. Auch die Altersstruktur ist mit sechsmal jung und sechsmal nicht mehr ganz so jung zufriedenstellend.<\/p>\n\n\n\n<p>Ergebnisse der 1. Runde<\/p>\n\n\n\n<figure class=\"wp-block-table\"><table><tbody><tr><td>Joshua Lenz<\/td><td>0:1<\/td><td>Ralf Teichgr\u00e4ber<\/td><\/tr><tr><td>Friedhelm Schneider<\/td><td>1:0<\/td><td>Lasse Werling<\/td><\/tr><tr><td>Christian Samtleben<\/td><td>0:1<\/td><td>Peter Schreieck<\/td><\/tr><tr><td>Kurt Sanner<\/td><td>1:0<\/td><td>Patrick Br\u00fchl<\/td><\/tr><tr><td>Franziska Herbel<\/td><td>0:1<\/td><td>Fabian Mader<\/td><\/tr><tr><td>Michael Sefeloge<\/td><td>1:0<\/td><td>Martin Schmidt<\/td><\/tr><\/tbody><\/table><\/figure>\n\n\n\n<p>In der zweiten Runde wurde die Partie Ralf Teichgr\u00e4ber gegen Kurt Sanner vorgespielt und endete schnell, weil Kurt Sanner in der Er\u00f6ffnung etwas \u00fcbersehen hatte&nbsp; und die Stellung danach irreparabel war.&nbsp;<\/p>\n\n\n\n<p>Unser neues Mitglied Fabian Mader baute gegen Friedhelm Schneider eine starke Stellung gegen den schwarzen K\u00f6nig auf, nur irgendwann ging es nicht so recht weiter, zumal im weiteren Verlauf eine Qualit\u00e4t verloren ging. Allerdings hatte Fabian zwei gewaltige Springer im gegnerischen Lager, die f\u00fcr viele Verwirrungen sorgten. Als dann einer dieser Springer Schach gab und gleichzeitig einen Turm vereinnahmen konnte, gab der noch amtierende Vereinsmeister auf.<\/p>\n\n\n\n<p>Peter Schreieck baute gegen den Turnierleiter eine Angriffsstellung auf, die nach einem ungenauen Zug aber zum Abtausch einer wichtigen Figur f\u00fchrte, wonach sofort die Friedenspfeife geraucht wurde.<\/p>\n\n\n\n<p>Patrick Br\u00fchl gewann gegen Joshua Lenz kampflos, weil dieser Fu\u00dfball spielen musste und vers\u00e4umt hatte, in der Woche zuvor vorzuspielen.<\/p>\n\n\n\n<p>Lasse Werling stand gegen Franziska Herbel lange Zeit schlechter, musste einen Qualit\u00e4tsverlust hinnehmen und konnte nur noch hoffen, dass Franziska in gro\u00dfer Zeitnot fehlgreifen w\u00fcrde. Mit nur noch einer Minute auf der Uhr stellte sie tats\u00e4chlich Haus und Hof weg. Schade f\u00fcr eine ansonsten gute Partie von ihr.<\/p>\n\n\n\n<p>Von der letzten Partie kann ich nichts berichten, da ich nur noch die Aufgabe von Martin Schmidt mitbekommen habe.<\/p>\n\n\n\n<p>Ergebnisse der 2. Runde<\/p>\n\n\n\n<figure class=\"wp-block-table\"><table><tbody><tr><td>Ralf Teichgr\u00e4ber<\/td><td>1:0<\/td><td>Kurt Sanner<\/td><\/tr><tr><td>Fabian Mader<\/td><td>1:0<\/td><td>Friedhelm Schneider<\/td><\/tr><tr><td>Peter Schreieck<\/td><td>r<\/td><td>Michael Sefeloge<\/td><\/tr><tr><td>Patrick Br\u00fchl<\/td><td>+:-<\/td><td>Joshua Lenz<\/td><\/tr><tr><td>Lasse Werling<\/td><td>1:0<\/td><td>Franziska Herbel<\/td><\/tr><tr><td>Martin Schmidt<\/td><td>0:1<\/td><td>Christian Samtleben<\/td><\/tr><\/tbody><\/table><\/figure>\n\n\n\n<p>Tabelle nach zwei Runden.<\/p>\n\n\n\n<figure class=\"wp-block-table\"><table><tbody><tr><td><strong>Rang<\/strong><\/td><td><strong>Teilnehmer<\/strong><\/td><td><strong>DWZ<\/strong><\/td><td><strong>Punkte<\/strong><\/td><td><strong>BH<\/strong><\/td><td><strong>So.Be.<\/strong><\/td><\/tr><tr><td>&nbsp;<\/td><td>&nbsp;<\/td><td>&nbsp;<\/td><td>&nbsp;<\/td><td>&nbsp;<\/td><td>&nbsp;<\/td><\/tr><tr><td>01.<\/td><td>Ralf Teichgr\u00e4ber<\/td><td>1892<\/td><td>2.0<\/td><td>1.5<\/td><td>1.50<\/td><\/tr><tr><td>02.<\/td><td>Fabian Mader<\/td><td>1583<\/td><td>2.0<\/td><td>1.0<\/td><td>1.00<\/td><\/tr><tr><td>03.<\/td><td>Peter Schreieck<\/td><td>1740<\/td><td>1.5<\/td><td>2.5<\/td><td>1.75<\/td><\/tr><tr><td>04.<\/td><td>Michael Sefeloge<\/td><td>1573<\/td><td>1.5<\/td><td>1.5<\/td><td>0.75<\/td><\/tr><tr><td>05.<\/td><td>Friedhelm Schneider<\/td><td>1872<\/td><td>1.0<\/td><td>3.0<\/td><td>1.00<\/td><\/tr><tr><td>06.<\/td><td>Kurt Sanner<\/td><td>1613<\/td><td>1.0<\/td><td>2.5<\/td><td>0.50<\/td><\/tr><tr><td>07.<\/td><td>Christian Samtleben<\/td><td>1267<\/td><td>1.0<\/td><td>1.5<\/td><td>0.00<\/td><\/tr><tr><td>08.<\/td><td>Lasse Werling<\/td><td>1501<\/td><td>1.0<\/td><td>1.0<\/td><td>0.00<\/td><\/tr><tr><td>09.<\/td><td>Patrick Br\u00fchl<\/td><td>998<\/td><td>1.0<\/td><td>1.0<\/td><td>0.00<\/td><\/tr><tr><td>10.<\/td><td>Joshua Lenz<\/td><td>1540<\/td><td>0.0<\/td><td>3.0<\/td><td>0.00<\/td><\/tr><tr><td>11.<\/td><td>Franziska Herbel<\/td><td>907<\/td><td>0.0<\/td><td>3.0<\/td><td>0.00<\/td><\/tr><tr><td>12.<\/td><td>Martin Schmidt<\/td><td>&nbsp;<\/td><td>0.0<\/td><td>2.5<\/td><td>0.00<\/td><\/tr><\/tbody><\/table><\/figure>\n\n\n\n<p>Auslosung der 3. Runde (Hauptspieltag 17. September 2021).<\/p>\n\n\n\n<figure class=\"wp-block-table\"><table><tbody><tr><td>Fabian Mader<\/td><td>&nbsp;<\/td><td>Ralf Teichgr\u00e4ber<\/td><\/tr><tr><td>Friedhelm Schneider<\/td><td>&nbsp;<\/td><td>Peter Schreieck<\/td><\/tr><tr><td>Michael Sefeloge<\/td><td>&nbsp;<\/td><td>Kurt Sanner<\/td><\/tr><tr><td>Patrick Br\u00fchl<\/td><td>&nbsp;<\/td><td>Lasse Werling<\/td><\/tr><tr><td>Christian Samtleben<\/td><td>&nbsp;<\/td><td>Joshua Lenz<\/td><\/tr><tr><td>Franziska Herbel<\/td><td>&nbsp;<\/td><td>Martin Schmidt<\/td><\/tr><\/tbody><\/table><\/figure>\n","protected":false},"excerpt":{"rendered":"<p>Bericht von Turnierleiter Michael Sefeloge Seit 1980 ist unsere Vereinsmeisterschaft die erste Veranstaltung im neuen Jahr, und auch in diesem Jahr sollte diese Tradition so fortgef\u00fchrt werden, wenn auch unter [&hellip;]<\/p>\n","protected":false},"author":4,"featured_media":0,"comment_status":"open","ping_status":"open","sticky":false,"template":"","format":"standard","meta":{"footnotes":""},"categories":[1],"tags":[],"_links":{"self":[{"href":"https:\/\/turm-lahnstein.de\/index.php?rest_route=\/wp\/v2\/posts\/5427"}],"collection":[{"href":"https:\/\/turm-lahnstein.de\/index.php?rest_route=\/wp\/v2\/posts"}],"about":[{"href":"https:\/\/turm-lahnstein.de\/index.php?rest_route=\/wp\/v2\/types\/post"}],"author":[{"embeddable":true,"href":"https:\/\/turm-lahnstein.de\/index.php?rest_route=\/wp\/v2\/users\/4"}],"replies":[{"embeddable":true,"href":"https:\/\/turm-lahnstein.de\/index.php?rest_route=%2Fwp%2Fv2%2Fcomments&post=5427"}],"version-history":[{"count":1,"href":"https:\/\/turm-lahnstein.de\/index.php?rest_route=\/wp\/v2\/posts\/5427\/revisions"}],"predecessor-version":[{"id":5428,"href":"https:\/\/turm-lahnstein.de\/index.php?rest_route=\/wp\/v2\/posts\/5427\/revisions\/5428"}],"wp:attachment":[{"href":"https:\/\/turm-lahnstein.de\/index.php?rest_route=%2Fwp%2Fv2%2Fmedia&parent=5427"}],"wp:term":[{"taxonomy":"category","embeddable":true,"href":"https:\/\/turm-lahnstein.de\/index.php?rest_route=%2Fwp%2Fv2%2Fcategories&post=5427"},{"taxonomy":"post_tag","embeddable":true,"href":"https:\/\/turm-lahnstein.de\/index.php?rest_route=%2Fwp%2Fv2%2Ftags&post=5427"}],"curies":[{"name":"wp","href":"https:\/\/api.w.org\/{rel}","templated":true}]}}