{"id":5425,"date":"2021-09-06T09:40:49","date_gmt":"2021-09-06T09:40:49","guid":{"rendered":"https:\/\/turm-lahnstein.de\/?p=5425"},"modified":"2021-09-06T09:40:49","modified_gmt":"2021-09-06T09:40:49","slug":"pressebericht-dreifachsieg-in-der-altersklasse-u-12","status":"publish","type":"post","link":"https:\/\/turm-lahnstein.de\/?p=5425","title":{"rendered":"Pressebericht: Dreifachsieg in der Altersklasse U 12"},"content":{"rendered":"\n<figure class=\"wp-block-image size-large\"><img loading=\"lazy\" decoding=\"async\" width=\"254\" height=\"248\" src=\"https:\/\/turm-lahnstein.de\/wp-content\/uploads\/2012\/09\/friedhelm_col.jpg\" alt=\"\" class=\"wp-image-68\"\/><\/figure>\n\n\n\n<p>An den beiden letzten Wochenenden der Sommerferien fanden die Jugendmeisterschaften des Schachbezirks statt. Die einzelnen Altersklassen waren auf zwei Austragungsorte verteilt \u2013 Kastellaun und Lahnstein.<\/p>\n\n\n\n<!--more-->\n\n\n\n<p>Besonders erfolgreich waren die Jugendlichen des Schachvereins Turm Lahnstein in der U 12.&nbsp; Leo Ke\u00dfler war in Topform und wurde ohne Niederlage mit 6,5 Punkten aus sieben Partien Bezirksmeister. Auf dem Treppchen landeten mit Zhang Hao Dong mit 5,5 Punkten und Niclas Elbert mit 4,5 Punkten zwei weitere Lahnsteiner. Finn Buchheim als Sechster sowie Vincent Oehl, Julius Hoppe und Yannik Barz vervollst\u00e4ndigten die Dominanz der Kinder vom Rhein-Lahn-Eck in dieser Altersklasse.<\/p>\n\n\n\n<p>Bei den allerj\u00fcngsten (U 10) erzielten Til Ke\u00dfler und Jaron Lenz je drei Punkte und belegten die Pl\u00e4tze acht und zehn. Jaron mit noch sechs Jahren war der j\u00fcngste Teilnehmer.<\/p>\n\n\n\n<p>In den Altersklassen U 14 bis U 18 hatten die Lahnsteiner ein Heimspiel. Bei der U 14 wurde Patrick Br\u00fchl mit zwei aus f\u00fcnf und dem 4. Platz von sechs Spielern etwas unter Wert geschlagen.Auch in dem gemeinsamen Turnier der U 16 und U 18 war das Feld sehr ausgeglichen. Fabian Mader und Joshua Lenz mit je 3,5 aus 5 als Gewinner der U 16 spielten ein gutes Turnier, w\u00e4hrend Lasse Werling als Viertplatzierter der U 16 nicht zufrieden war.&nbsp;&nbsp;<\/p>\n","protected":false},"excerpt":{"rendered":"<p>An den beiden letzten Wochenenden der Sommerferien fanden die Jugendmeisterschaften des Schachbezirks statt. Die einzelnen Altersklassen waren auf zwei Austragungsorte verteilt \u2013 Kastellaun und Lahnstein.<\/p>\n","protected":false},"author":4,"featured_media":0,"comment_status":"open","ping_status":"open","sticky":false,"template":"","format":"standard","meta":{"footnotes":""},"categories":[1],"tags":[],"_links":{"self":[{"href":"https:\/\/turm-lahnstein.de\/index.php?rest_route=\/wp\/v2\/posts\/5425"}],"collection":[{"href":"https:\/\/turm-lahnstein.de\/index.php?rest_route=\/wp\/v2\/posts"}],"about":[{"href":"https:\/\/turm-lahnstein.de\/index.php?rest_route=\/wp\/v2\/types\/post"}],"author":[{"embeddable":true,"href":"https:\/\/turm-lahnstein.de\/index.php?rest_route=\/wp\/v2\/users\/4"}],"replies":[{"embeddable":true,"href":"https:\/\/turm-lahnstein.de\/index.php?rest_route=%2Fwp%2Fv2%2Fcomments&post=5425"}],"version-history":[{"count":1,"href":"https:\/\/turm-lahnstein.de\/index.php?rest_route=\/wp\/v2\/posts\/5425\/revisions"}],"predecessor-version":[{"id":5426,"href":"https:\/\/turm-lahnstein.de\/index.php?rest_route=\/wp\/v2\/posts\/5425\/revisions\/5426"}],"wp:attachment":[{"href":"https:\/\/turm-lahnstein.de\/index.php?rest_route=%2Fwp%2Fv2%2Fmedia&parent=5425"}],"wp:term":[{"taxonomy":"category","embeddable":true,"href":"https:\/\/turm-lahnstein.de\/index.php?rest_route=%2Fwp%2Fv2%2Fcategories&post=5425"},{"taxonomy":"post_tag","embeddable":true,"href":"https:\/\/turm-lahnstein.de\/index.php?rest_route=%2Fwp%2Fv2%2Ftags&post=5425"}],"curies":[{"name":"wp","href":"https:\/\/api.w.org\/{rel}","templated":true}]}}