{"id":5384,"date":"2021-08-05T09:05:14","date_gmt":"2021-08-05T09:05:14","guid":{"rendered":"https:\/\/turm-lahnstein.de\/?p=5384"},"modified":"2021-08-05T09:05:14","modified_gmt":"2021-08-05T09:05:14","slug":"pressebericht-stadt-und-vereinsmeisterschaft-laeuft","status":"publish","type":"post","link":"https:\/\/turm-lahnstein.de\/?p=5384","title":{"rendered":"Pressebericht: Stadt- und Vereinsmeisterschaft l\u00e4uft"},"content":{"rendered":"\n<figure class=\"wp-block-image size-large\"><img loading=\"lazy\" decoding=\"async\" width=\"254\" height=\"248\" src=\"https:\/\/turm-lahnstein.de\/wp-content\/uploads\/2012\/09\/friedhelm_col.jpg\" alt=\"\" class=\"wp-image-68\"\/><\/figure>\n\n\n\n<p>Dass der Schachverein Turm Lahnstein seine Stadt- und Vereinsmeisterschaft jeweils in der ersten Jahresh\u00e4lfte austr\u00e4gt, hat eine jahrzehntelange Tradition. Aus bekannten Umst\u00e4nden scheiterte dies im laufenden Jahr. So wurde das Turnier kurz vor den Sommerferien ausgeschrieben und jetzt gestartet.<\/p>\n\n\n\n<!--more-->\n\n\n\n<p>Die Rundenzahl wurde auf f\u00fcnf reduziert, um im Herbst nicht mit anderen Aktivit\u00e4ten zu kollidieren. Zw\u00f6lf Schachspielerinnen und Schachspieler haben den Kampf um den Vereinsmeistertitel aufgenommen. Zwischen dem j\u00fcngsten und dem \u00e4ltesten Teilnehmer liegen wieder einmal mehr als sechzig (!) Jahre an Lebenserfahrung. In den Sommerferien kommt nur eine Runde zur Austragung. \u00dcber die Ergebnisse wird an dieser Stelle berichtet.\u00a0\u00a0\u00a0\u00a0\u00a0\u00a0\u00a0\u00a0<\/p>\n","protected":false},"excerpt":{"rendered":"<p>Dass der Schachverein Turm Lahnstein seine Stadt- und Vereinsmeisterschaft jeweils in der ersten Jahresh\u00e4lfte austr\u00e4gt, hat eine jahrzehntelange Tradition. Aus bekannten Umst\u00e4nden scheiterte dies im laufenden Jahr. So wurde das [&hellip;]<\/p>\n","protected":false},"author":4,"featured_media":0,"comment_status":"open","ping_status":"open","sticky":false,"template":"","format":"standard","meta":{"footnotes":""},"categories":[1],"tags":[],"_links":{"self":[{"href":"https:\/\/turm-lahnstein.de\/index.php?rest_route=\/wp\/v2\/posts\/5384"}],"collection":[{"href":"https:\/\/turm-lahnstein.de\/index.php?rest_route=\/wp\/v2\/posts"}],"about":[{"href":"https:\/\/turm-lahnstein.de\/index.php?rest_route=\/wp\/v2\/types\/post"}],"author":[{"embeddable":true,"href":"https:\/\/turm-lahnstein.de\/index.php?rest_route=\/wp\/v2\/users\/4"}],"replies":[{"embeddable":true,"href":"https:\/\/turm-lahnstein.de\/index.php?rest_route=%2Fwp%2Fv2%2Fcomments&post=5384"}],"version-history":[{"count":2,"href":"https:\/\/turm-lahnstein.de\/index.php?rest_route=\/wp\/v2\/posts\/5384\/revisions"}],"predecessor-version":[{"id":5386,"href":"https:\/\/turm-lahnstein.de\/index.php?rest_route=\/wp\/v2\/posts\/5384\/revisions\/5386"}],"wp:attachment":[{"href":"https:\/\/turm-lahnstein.de\/index.php?rest_route=%2Fwp%2Fv2%2Fmedia&parent=5384"}],"wp:term":[{"taxonomy":"category","embeddable":true,"href":"https:\/\/turm-lahnstein.de\/index.php?rest_route=%2Fwp%2Fv2%2Fcategories&post=5384"},{"taxonomy":"post_tag","embeddable":true,"href":"https:\/\/turm-lahnstein.de\/index.php?rest_route=%2Fwp%2Fv2%2Ftags&post=5384"}],"curies":[{"name":"wp","href":"https:\/\/api.w.org\/{rel}","templated":true}]}}