{"id":5372,"date":"2021-07-29T09:32:15","date_gmt":"2021-07-29T09:32:15","guid":{"rendered":"https:\/\/turm-lahnstein.de\/?p=5372"},"modified":"2021-07-29T09:32:15","modified_gmt":"2021-07-29T09:32:15","slug":"pressebericht-lahnsteiner-jugendliche-bei-den-rheinland-pfalz-meisterschaften","status":"publish","type":"post","link":"https:\/\/turm-lahnstein.de\/?p=5372","title":{"rendered":"Pressebericht: Lahnsteiner Jugendliche bei den Rheinland-Pfalz-Meisterschaften"},"content":{"rendered":"\n<figure class=\"wp-block-image size-large\"><img loading=\"lazy\" decoding=\"async\" width=\"254\" height=\"248\" src=\"https:\/\/turm-lahnstein.de\/wp-content\/uploads\/2012\/09\/friedhelm_col.jpg\" alt=\"\" class=\"wp-image-68\"\/><\/figure>\n\n\n\n<p>Im Juli wurden die Rheinland-Pfalz-Meisterschaften der einzelnen Altersklassen nachgeholt. Mit zahlenm\u00e4\u00dfig reduzierten Teilnehmerfeldern ermittelten sie an getrennten Orten ihre Meister und die Qualifizierten zu den Deutschen Meisterschaften.<\/p>\n\n\n\n<!--more-->\n\n\n\n<p>Der Schachverein Turm Lahnstein mit seiner regen Jugendabteilung freut sich mit seinen Jugendlichen, dass in den Altersklassen U(nter) 10 und U 14 jeweils gleich drei Spieler den Sprung zur Landesmeisterschaft geschafft hatten.&nbsp;<\/p>\n\n\n\n<p>Bei den J\u00fcngsten zeigte sich, dass die Tagesform entscheidet, denn in diesem Alter kann Jeder Jeden schlagen. Bei 24 Teilnehmern in Weilerbach\/Pfalz waren so Niclas Elbert als 14. mit 3 Punkten aus&nbsp; 7 Partien und Finn Buchheim und Leo Ke\u00dfler als 21. und 22. mit je 2 Punkten nicht ganz zufrieden,&nbsp;&nbsp; werden aber im n\u00e4chsten Turnier wieder weiter vorne mitspielen.&nbsp;&nbsp;<\/p>\n\n\n\n<p>In der Altersklasse U 14 sind die Leistungen schon wesentlich best\u00e4ndiger. In Wolfstein\/Pfalz schafften es mit Neuzugang Fabian Mader als Vierter mit drei Punkten aus f\u00fcnf Partien und David Meuer als Sechster mit 2,5 Punkten gleich zwei Vertreter des SV Turm Lahnstein in die vordere H\u00e4lfte des 12k\u00f6pfigen Teilnehmerfeldes. Schade, dass der dritte Lahnsteiner, Lasse Werling, erkrankte und das Turnier nicht zu Ende spielen konnte.&nbsp;<\/p>\n","protected":false},"excerpt":{"rendered":"<p>Im Juli wurden die Rheinland-Pfalz-Meisterschaften der einzelnen Altersklassen nachgeholt. Mit zahlenm\u00e4\u00dfig reduzierten Teilnehmerfeldern ermittelten sie an getrennten Orten ihre Meister und die Qualifizierten zu den Deutschen Meisterschaften.<\/p>\n","protected":false},"author":4,"featured_media":0,"comment_status":"open","ping_status":"open","sticky":false,"template":"","format":"standard","meta":{"footnotes":""},"categories":[1],"tags":[],"_links":{"self":[{"href":"https:\/\/turm-lahnstein.de\/index.php?rest_route=\/wp\/v2\/posts\/5372"}],"collection":[{"href":"https:\/\/turm-lahnstein.de\/index.php?rest_route=\/wp\/v2\/posts"}],"about":[{"href":"https:\/\/turm-lahnstein.de\/index.php?rest_route=\/wp\/v2\/types\/post"}],"author":[{"embeddable":true,"href":"https:\/\/turm-lahnstein.de\/index.php?rest_route=\/wp\/v2\/users\/4"}],"replies":[{"embeddable":true,"href":"https:\/\/turm-lahnstein.de\/index.php?rest_route=%2Fwp%2Fv2%2Fcomments&post=5372"}],"version-history":[{"count":2,"href":"https:\/\/turm-lahnstein.de\/index.php?rest_route=\/wp\/v2\/posts\/5372\/revisions"}],"predecessor-version":[{"id":5374,"href":"https:\/\/turm-lahnstein.de\/index.php?rest_route=\/wp\/v2\/posts\/5372\/revisions\/5374"}],"wp:attachment":[{"href":"https:\/\/turm-lahnstein.de\/index.php?rest_route=%2Fwp%2Fv2%2Fmedia&parent=5372"}],"wp:term":[{"taxonomy":"category","embeddable":true,"href":"https:\/\/turm-lahnstein.de\/index.php?rest_route=%2Fwp%2Fv2%2Fcategories&post=5372"},{"taxonomy":"post_tag","embeddable":true,"href":"https:\/\/turm-lahnstein.de\/index.php?rest_route=%2Fwp%2Fv2%2Ftags&post=5372"}],"curies":[{"name":"wp","href":"https:\/\/api.w.org\/{rel}","templated":true}]}}