{"id":536,"date":"2013-04-11T07:13:27","date_gmt":"2013-04-11T07:13:27","guid":{"rendered":"http:\/\/turmlahnstein.wordpress.com\/?p=536"},"modified":"2013-04-11T07:13:27","modified_gmt":"2013-04-11T07:13:27","slug":"zweite-und-dritte-bei-der-rheinland-pfalz-meisterschaft","status":"publish","type":"post","link":"https:\/\/turm-lahnstein.de\/?p=536","title":{"rendered":"Zweite und Dritte bei der Rheinland-Pfalz-Meisterschaft"},"content":{"rendered":"<p><img loading=\"lazy\" decoding=\"async\" class=\"alignright size-thumbnail wp-image-68\" alt=\"friedhelm_col\" src=\"https:\/\/turm-lahnstein.de\/wp-content\/uploads\/2012\/09\/friedhelm_col.jpg?w=150\" width=\"150\" height=\"146\" \/>Die Jugendmeisterschaften des Landesverbandes Rheinland-Pfalz fanden in diesem Jahr in der Jugendherberge Bingen statt. Der Schachverein Turm Lahnstein wurde in der Altersklasse U 14 der M\u00e4dchen durch Alina Usczeck und Sabrina Ley vertreten. Beide hatten sich durch die bisherigen Leistungen f\u00fcr das Feld von acht Teilnehmerinnen qualifiziert , das die Landesmeisterin und damit verbunden die Teilnahme an den Deutschen Jugendmeisterschaften ausspielte. Alina und Sabrina waren in den letzten beiden Jahren bereits Teilnehmer der Deutschen Jugendmeisterschaft U 12. Ab der Altersklasse U 14 ist der Qualifikationsmodus h\u00e4rter, denn dann kommt nur noch die Landesmeisterin zur Deutschen Meisterschaft, w\u00e4hrend bei den J\u00fcngeren zwei oder drei den Landesverband vertreten d\u00fcrfen.<!--more--><\/p>\n<p>So entschied sich in diesem Jahre die Frage der Landesmeisterschaft haupts\u00e4chlich zwischen den drei favorisierten M\u00e4dchen, zu denen Alina und Sabrina z\u00e4hlten. Die Hauptkonkurrentin aus Trier erzielte insgesamt sechs Punkte aus sieben Partien und verwies die beiden Lahnsteinerinnen mit je 5,5 Punkten auf die Pl\u00e4tze zwei und drei. Beide spielten ein gutes Turnier, zu dem man Sabrina, die nach der Feinwertung auf dem zweiten Platz und Alina, die punktgleich auf dem dritten Platz landete, gratulieren kann aber der ganz gro\u00dfe Erfolg blieb beiden versagt.<\/p>\n<p>Eine Abordnung des Vereins machte einen Tagesausflug in das Schloss Schwetzingen. Hier fand die zentrale Endrunde der Schachbundesliga mit allen sechzehn Mannschaften in historischem und sportlich ansprechendem Ambiente statt. Nicht umsonst gilt die deutsche Schachbundesliga als die st\u00e4rkste Vereinsmannschaftsmeisterschaft der Welt. Daneben spielte der fr\u00fchere Weltmeister Anatoli Karpov simultan an 25 Brettern und eine reichhaltige Ausstellung von Schachartikeln lie\u00df keine W\u00fcnsche offen. Mit dem Besuch dieser Veranstaltung unterstrich der Verein seine Bestrebungen, \u00fcber den Tellerrand des eigenen Vereins hinaus auch gr\u00f6\u00dfere Veranstaltungen als Tr\u00e4ger von werbewirksamen Aktionen f\u00fcr den Schachsport zu unterst\u00fctzen.<\/p>\n","protected":false},"excerpt":{"rendered":"<p>Die Jugendmeisterschaften des Landesverbandes Rheinland-Pfalz fanden in diesem Jahr in der Jugendherberge Bingen statt. Der Schachverein Turm Lahnstein wurde in der Altersklasse U 14 der M\u00e4dchen durch Alina Usczeck und [&hellip;]<\/p>\n","protected":false},"author":2,"featured_media":0,"comment_status":"open","ping_status":"open","sticky":false,"template":"","format":"standard","meta":{"footnotes":""},"categories":[79,11,25],"tags":[71,126,78,133],"_links":{"self":[{"href":"https:\/\/turm-lahnstein.de\/index.php?rest_route=\/wp\/v2\/posts\/536"}],"collection":[{"href":"https:\/\/turm-lahnstein.de\/index.php?rest_route=\/wp\/v2\/posts"}],"about":[{"href":"https:\/\/turm-lahnstein.de\/index.php?rest_route=\/wp\/v2\/types\/post"}],"author":[{"embeddable":true,"href":"https:\/\/turm-lahnstein.de\/index.php?rest_route=\/wp\/v2\/users\/2"}],"replies":[{"embeddable":true,"href":"https:\/\/turm-lahnstein.de\/index.php?rest_route=%2Fwp%2Fv2%2Fcomments&post=536"}],"version-history":[{"count":0,"href":"https:\/\/turm-lahnstein.de\/index.php?rest_route=\/wp\/v2\/posts\/536\/revisions"}],"wp:attachment":[{"href":"https:\/\/turm-lahnstein.de\/index.php?rest_route=%2Fwp%2Fv2%2Fmedia&parent=536"}],"wp:term":[{"taxonomy":"category","embeddable":true,"href":"https:\/\/turm-lahnstein.de\/index.php?rest_route=%2Fwp%2Fv2%2Fcategories&post=536"},{"taxonomy":"post_tag","embeddable":true,"href":"https:\/\/turm-lahnstein.de\/index.php?rest_route=%2Fwp%2Fv2%2Ftags&post=536"}],"curies":[{"name":"wp","href":"https:\/\/api.w.org\/{rel}","templated":true}]}}