{"id":5357,"date":"2021-07-05T17:31:07","date_gmt":"2021-07-05T17:31:07","guid":{"rendered":"https:\/\/turm-lahnstein.de\/?p=5357"},"modified":"2021-07-05T17:31:07","modified_gmt":"2021-07-05T17:31:07","slug":"vereinspokal-2020-2","status":"publish","type":"post","link":"https:\/\/turm-lahnstein.de\/?p=5357","title":{"rendered":"Vereinspokal 2020"},"content":{"rendered":"\n<p><strong>David Meuer verteidigt den Titel im Vereinspokal!<\/strong><\/p>\n\n\n\n<p>Bericht von Turnierleiter Michael Sefeloge.<\/p>\n\n\n\n<p>Als am 25. September 2020 zur Teilnahme am Vereinspokal aufgerufen wurde, ahnte sicher keiner der Beteiligten, dass das Endspiel erst am 2. Juli 2021 gespielt werden konnte.<\/p>\n\n\n\n<!--more-->\n\n\n\n<p>Mit zw\u00f6lf Teilnehmern startete diese Veranstaltung, um eine gerade Anzahl zu erreichen, spielte sogar der Turnierleiter nach mehr als einem Jahrzehnt mal wieder mit.<\/p>\n\n\n\n<p>1. Runde<\/p>\n\n\n\n<figure class=\"wp-block-table\"><table><tbody><tr><td><strong>Christian Samtleben<\/strong><\/td><td>1.0<\/td><td>Martin Schmidt&nbsp;&nbsp;&nbsp;&nbsp;&nbsp;&nbsp;<\/td><\/tr><tr><td>Peter Bida<\/td><td>0:1<\/td><td><strong>Joshua Lenz<\/strong><\/td><\/tr><tr><td>Lasse Werling<\/td><td>0:1<\/td><td><strong>Michael Sefeloge<\/strong><\/td><\/tr><tr><td>Kurt Sanner<\/td><td>0:1<\/td><td><strong>Werner Sonnhoff<\/strong><\/td><\/tr><tr><td>Elmar Wiskirchen<\/td><td>0:1<\/td><td><strong>David Meuer<\/strong><\/td><\/tr><tr><td>Stephan Meuer<\/td><td>0:1<\/td><td><strong>Friedhelm Schneider<\/strong><\/td><\/tr><\/tbody><\/table><\/figure>\n\n\n\n<p>Joshua Lenz lie\u00df sich diesmal etwas mehr Zeit als in der Partie zuvor, daf\u00fcr hatte Werner Sonnhoff mit dieser zu k\u00e4mpfen. Friedhelm Schneider gewann ohne Probleme und Michael Sefeloge stellte mal wieder die Partie einz\u00fcgig ein.<\/p>\n\n\n\n<p>2. Runde<\/p>\n\n\n\n<figure class=\"wp-block-table\"><table><tbody><tr><td><strong>Joshua Lenz<\/strong><\/td><td>1:0<\/td><td>Werner Sonnhoff<\/td><\/tr><tr><td><strong>Friedhelm Schneider<\/strong><\/td><td>1:0<\/td><td>Christian Samtleben<\/td><\/tr><tr><td><strong>David Meuer<\/strong><\/td><td>1:0<\/td><td>Michael Sefeloge<\/td><\/tr><\/tbody><\/table><\/figure>\n\n\n\n<p>David Meuer hatte Freilos und konnte damit bereits das Endspiel erreichen.<\/p>\n\n\n\n<p>3. Runde<\/p>\n\n\n\n<figure class=\"wp-block-table\"><table><tbody><tr><td>Joshua Lenz<\/td><td>0:1<\/td><td><strong>Friedhelm Schneider<\/strong><\/td><\/tr><\/tbody><\/table><\/figure>\n\n\n\n<p>Endspiel<\/p>\n\n\n\n<figure class=\"wp-block-table\"><table><tbody><tr><td>Friedhelm Schneider<\/td><td>Remis &nbsp;(Blitz 0:2)<\/td><td><strong>David Meuer<\/strong><\/td><\/tr><\/tbody><\/table><\/figure>\n\n\n\n<p>Damit konnte David Meuer den Pokal verteidigen.<\/p>\n","protected":false},"excerpt":{"rendered":"<p>David Meuer verteidigt den Titel im Vereinspokal! Bericht von Turnierleiter Michael Sefeloge. Als am 25. September 2020 zur Teilnahme am Vereinspokal aufgerufen wurde, ahnte sicher keiner der Beteiligten, dass das [&hellip;]<\/p>\n","protected":false},"author":4,"featured_media":0,"comment_status":"open","ping_status":"open","sticky":false,"template":"","format":"standard","meta":{"footnotes":""},"categories":[1],"tags":[],"_links":{"self":[{"href":"https:\/\/turm-lahnstein.de\/index.php?rest_route=\/wp\/v2\/posts\/5357"}],"collection":[{"href":"https:\/\/turm-lahnstein.de\/index.php?rest_route=\/wp\/v2\/posts"}],"about":[{"href":"https:\/\/turm-lahnstein.de\/index.php?rest_route=\/wp\/v2\/types\/post"}],"author":[{"embeddable":true,"href":"https:\/\/turm-lahnstein.de\/index.php?rest_route=\/wp\/v2\/users\/4"}],"replies":[{"embeddable":true,"href":"https:\/\/turm-lahnstein.de\/index.php?rest_route=%2Fwp%2Fv2%2Fcomments&post=5357"}],"version-history":[{"count":1,"href":"https:\/\/turm-lahnstein.de\/index.php?rest_route=\/wp\/v2\/posts\/5357\/revisions"}],"predecessor-version":[{"id":5358,"href":"https:\/\/turm-lahnstein.de\/index.php?rest_route=\/wp\/v2\/posts\/5357\/revisions\/5358"}],"wp:attachment":[{"href":"https:\/\/turm-lahnstein.de\/index.php?rest_route=%2Fwp%2Fv2%2Fmedia&parent=5357"}],"wp:term":[{"taxonomy":"category","embeddable":true,"href":"https:\/\/turm-lahnstein.de\/index.php?rest_route=%2Fwp%2Fv2%2Fcategories&post=5357"},{"taxonomy":"post_tag","embeddable":true,"href":"https:\/\/turm-lahnstein.de\/index.php?rest_route=%2Fwp%2Fv2%2Ftags&post=5357"}],"curies":[{"name":"wp","href":"https:\/\/api.w.org\/{rel}","templated":true}]}}