{"id":5345,"date":"2021-03-30T11:30:43","date_gmt":"2021-03-30T11:30:43","guid":{"rendered":"http:\/\/turm-lahnstein.de\/?p=5345"},"modified":"2021-03-30T11:34:28","modified_gmt":"2021-03-30T11:34:28","slug":"rheinlandmeisterschaften-u14-u18","status":"publish","type":"post","link":"https:\/\/turm-lahnstein.de\/?p=5345","title":{"rendered":"&#8218;Rheinlandmeisterschaften&#8216; U14-U18"},"content":{"rendered":"\n<p>Die eigentlich im Oktober 2020 geplanten Meisterschaften ab U14 mussten, viele werden sich erinnern, kurzfristig abgesagt werden. Die Schachjugendorganisationen bis hin zur DSJ hoffen in 2021 aber noch weiterf\u00fchrende Meisterschaften auszutragen und so braucht man eine Grundlage f\u00fcr die Nominierung der Spieler. Hier ging es erstmal um die Qualifikation zu eventuellen Rheinland-Pfalzmeisterschaften. Daher auch die Anf\u00fchrungszeichen, weil es nur ein Kriterium war und es keine offiziellen Qualifikationspl\u00e4tze gab. <\/p>\n\n\n<p><!--more--><\/p>\n\n\n<p>Gespielt wurde im Modus 10 Minuten + 10s\/Zug. In der U14 war David Meuer einer von 8 Startern. Er war ein Nummer 1 gesetzt und wurde seiner Favoritenrolle klar gerecht. Er gewann alle 7 Partien insgesamt doch recht sicher. Seine Partien waren dabei nicht spektakul\u00e4r. Meist stellte er sich gut auf, verbesserte langsam seine Stellung und oft kamen dann auch Fehler der Gegner hinzu, die er gnadenlos ausnutzte. Lediglich in der letzten Partie kam er nachdem er eine Qualit\u00e4t gegen Bauern gewonnen hatte ein wenig auf Abwege. Der Gegner hatte einen gef\u00e4hrlichen Freibauern und konnten einen zweiten Bauern gewinnen. David k\u00e4mpfte z\u00e4h und jetzt war es wieder sein Gegner der Fehler machte, Bauern einstellte und auch diese Partie gewann er. Auch wenn inoffiziell ist er f\u00fcr uns Rheinlandmeister, wir gratulieren.<\/p>\n\n\n\n<p>In der U16 spielte Joshua Lenz mit. Er war an 5 von 8 gesetzt, spielte aber ein starkes Turnier und wurde hinter dem verdienten Sieger Ricardo Mailitis Vizemeister. Der bleibt auch irgendwie sein Angstgegner. Im direkten Duell kam Joshua, wie ich fand, ganz ordentlich mit Schwarz aus der Er\u00f6ffnung. In einer Stellung, wo jedes Tempo wichtig war, spielte er etwas \u00fcberambitioniert h5. Ein K\u00f6nigsangriff war aber weit weg und es kam nicht ansatzweise dazu. Stattdessen wurde er auf der anderen Seite ausgekontert. Ich bin mit Joshua aber oft ein wenig zu kritisch, immerhin gewann er 5 Partien bei nur 2 Niederlagen. Da waren auch sehr starke Partien dabei! Ihr k\u00f6nnt seine (Kampfname JoshuaLenz) und Davids Partien (XTrace) auf Lichess nachspielen)<\/p>\n\n\n\n<p>Vielen Dank an unseren Jugendbezirksleiter Tim Pfrengle und seinen Mannschaftskameraden Jan Boder, die das Turnier organisierten und per Twitch auch Live kommentierten. Ich fand es insgesamt eine recht gelungene Veranstaltung.<\/p>\n\n\n\n<figure class=\"wp-block-image size-large\"><img loading=\"lazy\" decoding=\"async\" width=\"689\" height=\"817\" src=\"https:\/\/turm-lahnstein.de\/wp-content\/uploads\/2021\/03\/jgrhl-2021.png\" alt=\"\" class=\"wp-image-5346\" srcset=\"https:\/\/turm-lahnstein.de\/wp-content\/uploads\/2021\/03\/jgrhl-2021.png 689w, https:\/\/turm-lahnstein.de\/wp-content\/uploads\/2021\/03\/jgrhl-2021-253x300.png 253w\" sizes=\"(max-width: 689px) 100vw, 689px\" \/><\/figure>\n","protected":false},"excerpt":{"rendered":"<p>Die eigentlich im Oktober 2020 geplanten Meisterschaften ab U14 mussten, viele werden sich erinnern, kurzfristig abgesagt werden. Die Schachjugendorganisationen bis hin zur DSJ hoffen in 2021 aber noch weiterf\u00fchrende Meisterschaften [&hellip;]<\/p>\n","protected":false},"author":4,"featured_media":0,"comment_status":"open","ping_status":"open","sticky":false,"template":"","format":"standard","meta":{"footnotes":""},"categories":[1],"tags":[],"_links":{"self":[{"href":"https:\/\/turm-lahnstein.de\/index.php?rest_route=\/wp\/v2\/posts\/5345"}],"collection":[{"href":"https:\/\/turm-lahnstein.de\/index.php?rest_route=\/wp\/v2\/posts"}],"about":[{"href":"https:\/\/turm-lahnstein.de\/index.php?rest_route=\/wp\/v2\/types\/post"}],"author":[{"embeddable":true,"href":"https:\/\/turm-lahnstein.de\/index.php?rest_route=\/wp\/v2\/users\/4"}],"replies":[{"embeddable":true,"href":"https:\/\/turm-lahnstein.de\/index.php?rest_route=%2Fwp%2Fv2%2Fcomments&post=5345"}],"version-history":[{"count":3,"href":"https:\/\/turm-lahnstein.de\/index.php?rest_route=\/wp\/v2\/posts\/5345\/revisions"}],"predecessor-version":[{"id":5350,"href":"https:\/\/turm-lahnstein.de\/index.php?rest_route=\/wp\/v2\/posts\/5345\/revisions\/5350"}],"wp:attachment":[{"href":"https:\/\/turm-lahnstein.de\/index.php?rest_route=%2Fwp%2Fv2%2Fmedia&parent=5345"}],"wp:term":[{"taxonomy":"category","embeddable":true,"href":"https:\/\/turm-lahnstein.de\/index.php?rest_route=%2Fwp%2Fv2%2Fcategories&post=5345"},{"taxonomy":"post_tag","embeddable":true,"href":"https:\/\/turm-lahnstein.de\/index.php?rest_route=%2Fwp%2Fv2%2Ftags&post=5345"}],"curies":[{"name":"wp","href":"https:\/\/api.w.org\/{rel}","templated":true}]}}