{"id":5333,"date":"2020-10-29T12:40:27","date_gmt":"2020-10-29T12:40:27","guid":{"rendered":"http:\/\/turm-lahnstein.de\/?p=5333"},"modified":"2020-10-29T12:40:27","modified_gmt":"2020-10-29T12:40:27","slug":"pressebericht-lahnsteiner-bei-deutscher-meisterschaft","status":"publish","type":"post","link":"https:\/\/turm-lahnstein.de\/?p=5333","title":{"rendered":"Pressebericht: Lahnsteiner bei Deutscher Meisterschaft"},"content":{"rendered":"\n<figure class=\"wp-block-image size-large\"><img loading=\"lazy\" decoding=\"async\" width=\"254\" height=\"248\" src=\"https:\/\/turm-lahnstein.de\/wp-content\/uploads\/2012\/09\/friedhelm_col.jpg\" alt=\"\" class=\"wp-image-68\"\/><\/figure>\n\n\n\n<p><\/p>\n\n\n\n<p>Die Deutschen Jugendeinzelmeisterschaften finden \u00fcblicherweise in der Pfingstwoche statt. Wie in 2020 so vieles,  hat sich dies ge\u00e4ndert, so dass die Herbstferien f\u00fcr diesen j\u00e4hrlichen H\u00f6hepunkt blieben, Vom Schachverein Turm Lahnstein hatte sich David Meuer als Rheinland-Pfalz-Vizemeister der Altersklasse U 14 f\u00fcr die Deutschen Titelk\u00e4mpfe in Willingen\/Hochsauerland qualifiziert.<\/p>\n\n\n\n<!--more-->\n\n\n\n<p>Unter den f\u00fcnfundvierzig Besten aus ganz Deutschland spielte und k\u00e4mpfte David auf Augenh\u00f6he. Mit 2,5 Punkten aus sieben Runden mu\u00dfte er sich zwar mit dem 37. Platz zufrieden geben, sammelte aber unverzichtbare Erfahrungen auf der hohen Ebene. Auch im n\u00e4chsten Jahr ist David noch in der derselben Altersklasse spielberechtigt und kann dort angreifen.<\/p>\n","protected":false},"excerpt":{"rendered":"<p>Die Deutschen Jugendeinzelmeisterschaften finden \u00fcblicherweise in der Pfingstwoche statt. Wie in 2020 so vieles, hat sich dies ge\u00e4ndert, so dass die Herbstferien f\u00fcr diesen j\u00e4hrlichen H\u00f6hepunkt blieben, Vom Schachverein Turm [&hellip;]<\/p>\n","protected":false},"author":4,"featured_media":0,"comment_status":"open","ping_status":"open","sticky":false,"template":"","format":"standard","meta":{"footnotes":""},"categories":[1],"tags":[],"_links":{"self":[{"href":"https:\/\/turm-lahnstein.de\/index.php?rest_route=\/wp\/v2\/posts\/5333"}],"collection":[{"href":"https:\/\/turm-lahnstein.de\/index.php?rest_route=\/wp\/v2\/posts"}],"about":[{"href":"https:\/\/turm-lahnstein.de\/index.php?rest_route=\/wp\/v2\/types\/post"}],"author":[{"embeddable":true,"href":"https:\/\/turm-lahnstein.de\/index.php?rest_route=\/wp\/v2\/users\/4"}],"replies":[{"embeddable":true,"href":"https:\/\/turm-lahnstein.de\/index.php?rest_route=%2Fwp%2Fv2%2Fcomments&post=5333"}],"version-history":[{"count":1,"href":"https:\/\/turm-lahnstein.de\/index.php?rest_route=\/wp\/v2\/posts\/5333\/revisions"}],"predecessor-version":[{"id":5334,"href":"https:\/\/turm-lahnstein.de\/index.php?rest_route=\/wp\/v2\/posts\/5333\/revisions\/5334"}],"wp:attachment":[{"href":"https:\/\/turm-lahnstein.de\/index.php?rest_route=%2Fwp%2Fv2%2Fmedia&parent=5333"}],"wp:term":[{"taxonomy":"category","embeddable":true,"href":"https:\/\/turm-lahnstein.de\/index.php?rest_route=%2Fwp%2Fv2%2Fcategories&post=5333"},{"taxonomy":"post_tag","embeddable":true,"href":"https:\/\/turm-lahnstein.de\/index.php?rest_route=%2Fwp%2Fv2%2Ftags&post=5333"}],"curies":[{"name":"wp","href":"https:\/\/api.w.org\/{rel}","templated":true}]}}