{"id":5293,"date":"2020-10-22T06:15:22","date_gmt":"2020-10-22T06:15:22","guid":{"rendered":"http:\/\/turm-lahnstein.de\/?p=5293"},"modified":"2020-10-22T06:15:22","modified_gmt":"2020-10-22T06:15:22","slug":"pressebericht-nicht-alle-altersklassen-gespielt","status":"publish","type":"post","link":"https:\/\/turm-lahnstein.de\/?p=5293","title":{"rendered":"Pressebericht: Nicht alle Altersklassen gespielt"},"content":{"rendered":"\n<figure class=\"wp-block-image size-large\"><img loading=\"lazy\" decoding=\"async\" width=\"254\" height=\"248\" src=\"https:\/\/turm-lahnstein.de\/wp-content\/uploads\/2012\/09\/friedhelm_col.jpg\" alt=\"\" class=\"wp-image-68\"\/><\/figure>\n\n\n\n<p>Die Jugendmeisterschaften des Schachverbandes Rheinland fanden nach Altersklassen zeitversetzt  statt. Die U 12 spielte in der Jugendherberge Mayen und unter den sechzehnTeilnehmern waren auch zwei vom Schachverein Turm Lahnstein. <\/p>\n\n\n\n<!--more-->\n\n\n\n<p>Clemens Oehl war kurzfristig als Nachr\u00fccker eingesprungen und spielte vor allem in der zweiten Turnierh\u00e4lfte ein ordentliches Turnier. 1,5 Punkte aus f\u00fcnf Partien und der 14. Rang waren der Lohn. Patrick Br\u00fchl spielte ein starkes Turnier und bewies mit 3 Punkten und dem 6. Platz K\u00e4mpferqualit\u00e4ten. Schade, dass er gegen zwei der ganz vorne Platzierten nach hartem Widerstand verlor, sonst w\u00e4re noch mehr drin gewesen.  Bedauerlicherweise wurden die \u00e4lteren Altersklassen wegen den steigenden Corona-Zahlen danach kurzfristig abgesagt. Hier hatte Lahnstein mit David Meuer (U 14) und Joshua Lenz (U 16) auch zwei Eisen im Feuer. Ob die Meisterschaft nachgeholt werden kann, bleibt abzuwarten.  <\/p>\n","protected":false},"excerpt":{"rendered":"<p>Die Jugendmeisterschaften des Schachverbandes Rheinland fanden nach Altersklassen zeitversetzt statt. Die U 12 spielte in der Jugendherberge Mayen und unter den sechzehnTeilnehmern waren auch zwei vom Schachverein Turm Lahnstein.<\/p>\n","protected":false},"author":4,"featured_media":0,"comment_status":"open","ping_status":"open","sticky":false,"template":"","format":"standard","meta":{"footnotes":""},"categories":[1],"tags":[],"_links":{"self":[{"href":"https:\/\/turm-lahnstein.de\/index.php?rest_route=\/wp\/v2\/posts\/5293"}],"collection":[{"href":"https:\/\/turm-lahnstein.de\/index.php?rest_route=\/wp\/v2\/posts"}],"about":[{"href":"https:\/\/turm-lahnstein.de\/index.php?rest_route=\/wp\/v2\/types\/post"}],"author":[{"embeddable":true,"href":"https:\/\/turm-lahnstein.de\/index.php?rest_route=\/wp\/v2\/users\/4"}],"replies":[{"embeddable":true,"href":"https:\/\/turm-lahnstein.de\/index.php?rest_route=%2Fwp%2Fv2%2Fcomments&post=5293"}],"version-history":[{"count":1,"href":"https:\/\/turm-lahnstein.de\/index.php?rest_route=\/wp\/v2\/posts\/5293\/revisions"}],"predecessor-version":[{"id":5294,"href":"https:\/\/turm-lahnstein.de\/index.php?rest_route=\/wp\/v2\/posts\/5293\/revisions\/5294"}],"wp:attachment":[{"href":"https:\/\/turm-lahnstein.de\/index.php?rest_route=%2Fwp%2Fv2%2Fmedia&parent=5293"}],"wp:term":[{"taxonomy":"category","embeddable":true,"href":"https:\/\/turm-lahnstein.de\/index.php?rest_route=%2Fwp%2Fv2%2Fcategories&post=5293"},{"taxonomy":"post_tag","embeddable":true,"href":"https:\/\/turm-lahnstein.de\/index.php?rest_route=%2Fwp%2Fv2%2Ftags&post=5293"}],"curies":[{"name":"wp","href":"https:\/\/api.w.org\/{rel}","templated":true}]}}