{"id":5267,"date":"2020-10-19T09:36:34","date_gmt":"2020-10-19T09:36:34","guid":{"rendered":"http:\/\/turm-lahnstein.de\/?p=5267"},"modified":"2020-10-20T06:30:30","modified_gmt":"2020-10-20T06:30:30","slug":"die-deutsche-jugendeinzelmeisterschaft-startet","status":"publish","type":"post","link":"https:\/\/turm-lahnstein.de\/?p=5267","title":{"rendered":"Die Deutsche Jugendeinzelmeisterschaft startet"},"content":{"rendered":"\n<h6 class=\"has-vivid-red-color has-text-color wp-block-heading\"><\/h6>\n\n\n<p>Foto DSJ<\/p>\n\n\n<figure class=\"wp-block-image size-large\"><img loading=\"lazy\" decoding=\"async\" width=\"1024\" height=\"768\" src=\"https:\/\/turm-lahnstein.de\/wp-content\/uploads\/2020\/10\/Impression-18-10_1600_jpeg-1024x768.jpg\" alt=\"\" class=\"wp-image-5268\" srcset=\"https:\/\/turm-lahnstein.de\/wp-content\/uploads\/2020\/10\/Impression-18-10_1600_jpeg-1024x768.jpg 1024w, https:\/\/turm-lahnstein.de\/wp-content\/uploads\/2020\/10\/Impression-18-10_1600_jpeg-300x225.jpg 300w, https:\/\/turm-lahnstein.de\/wp-content\/uploads\/2020\/10\/Impression-18-10_1600_jpeg-768x576.jpg 768w, https:\/\/turm-lahnstein.de\/wp-content\/uploads\/2020\/10\/Impression-18-10_1600_jpeg-1536x1152.jpg 1536w, https:\/\/turm-lahnstein.de\/wp-content\/uploads\/2020\/10\/Impression-18-10_1600_jpeg.jpg 1600w\" sizes=\"(max-width: 1024px) 100vw, 1024px\" \/><figcaption><br><\/figcaption><\/figure>\n\n\n\n<p><\/p>\n\n\n\n<h6 class=\"wp-block-heading\"><\/h6>\n\n\n\n<p>heute am 19.10. abends mit der Er\u00f6ffnungsfeier. Seit jetzt schon 10 Jahren ist mindestens ein Lahnsteiner Spieler mit dabei. Dieses Jahr hat sich David Meuer etwas \u00fcberraschend als Vize-Rheinland-Pfalzmeister U14 bei einem starken Turnier qualifiziert.<\/p>\n\n\n\n<!--more-->\n\n\n\n<p>Die Teilnahme ist f\u00fcr David schon ein gro\u00dfer Erfolg und wir hoffen er wird in dem illustren Feld ein paar Punkte sammeln k\u00f6nnen. An Platz 40 von 46 Teilnehmern gesetzt wird dies sicher nicht einfach. Der Schreiber dieser Zeilen wird nach 10 Jahren das erste Mal nicht ein paar Tage vor Ort sein d\u00fcrfen. Dem Hygienekonzept zur Folge ist kiebitzen nicht erlaubt und so macht eine Anreise wenig Sinn. Wir dr\u00fccken von zu Hause aus David und den mitreisenden Eltern die Daumen. Die Deutsche Schachjugend hat es geschafft in der aktuell komplizierten Situation ein Hygienekonzept f\u00fcr die Meisterschaft hinzubekommen. Wir alle hoffen, dass es h\u00e4lt und alle gesund&nbsp;bleiben. &nbsp;<\/p>\n\n\n\n<p>Hier alle Infos rund ums Turnier: <\/p>\n\n\n\n<p><\/p>\n\n\n\n<p><a href=\"https:\/\/www.deutsche-schachjugend.de\/dem2020\/turnier\/\">https:\/\/www.deutsche-schachjugend.de\/dem2020\/turnier\/<\/a><\/p>\n","protected":false},"excerpt":{"rendered":"<p>Foto DSJ heute am 19.10. abends mit der Er\u00f6ffnungsfeier. Seit jetzt schon 10 Jahren ist mindestens ein Lahnsteiner Spieler mit dabei. Dieses Jahr hat sich David Meuer etwas \u00fcberraschend als [&hellip;]<\/p>\n","protected":false},"author":4,"featured_media":0,"comment_status":"open","ping_status":"open","sticky":false,"template":"","format":"standard","meta":{"footnotes":""},"categories":[1],"tags":[],"_links":{"self":[{"href":"https:\/\/turm-lahnstein.de\/index.php?rest_route=\/wp\/v2\/posts\/5267"}],"collection":[{"href":"https:\/\/turm-lahnstein.de\/index.php?rest_route=\/wp\/v2\/posts"}],"about":[{"href":"https:\/\/turm-lahnstein.de\/index.php?rest_route=\/wp\/v2\/types\/post"}],"author":[{"embeddable":true,"href":"https:\/\/turm-lahnstein.de\/index.php?rest_route=\/wp\/v2\/users\/4"}],"replies":[{"embeddable":true,"href":"https:\/\/turm-lahnstein.de\/index.php?rest_route=%2Fwp%2Fv2%2Fcomments&post=5267"}],"version-history":[{"count":23,"href":"https:\/\/turm-lahnstein.de\/index.php?rest_route=\/wp\/v2\/posts\/5267\/revisions"}],"predecessor-version":[{"id":5292,"href":"https:\/\/turm-lahnstein.de\/index.php?rest_route=\/wp\/v2\/posts\/5267\/revisions\/5292"}],"wp:attachment":[{"href":"https:\/\/turm-lahnstein.de\/index.php?rest_route=%2Fwp%2Fv2%2Fmedia&parent=5267"}],"wp:term":[{"taxonomy":"category","embeddable":true,"href":"https:\/\/turm-lahnstein.de\/index.php?rest_route=%2Fwp%2Fv2%2Fcategories&post=5267"},{"taxonomy":"post_tag","embeddable":true,"href":"https:\/\/turm-lahnstein.de\/index.php?rest_route=%2Fwp%2Fv2%2Ftags&post=5267"}],"curies":[{"name":"wp","href":"https:\/\/api.w.org\/{rel}","templated":true}]}}