{"id":5228,"date":"2020-09-28T18:42:06","date_gmt":"2020-09-28T18:42:06","guid":{"rendered":"http:\/\/turm-lahnstein.de\/?p=5228"},"modified":"2020-09-28T20:48:31","modified_gmt":"2020-09-28T20:48:31","slug":"jugendrheinlandmeisterschaft-2021-starke-leistungen-der-lahnsteiner-spieler","status":"publish","type":"post","link":"https:\/\/turm-lahnstein.de\/?p=5228","title":{"rendered":"Jugendrheinlandmeisterschaft 2021: Starke Leistungen der Lahnsteiner Spieler"},"content":{"rendered":"\n<figure class=\"wp-block-image size-large\"><img loading=\"lazy\" decoding=\"async\" width=\"1024\" height=\"768\" src=\"https:\/\/turm-lahnstein.de\/wp-content\/uploads\/2020\/09\/IMG-20200928-WA0000-1024x768.jpg\" alt=\"\" class=\"wp-image-5232\" srcset=\"https:\/\/turm-lahnstein.de\/wp-content\/uploads\/2020\/09\/IMG-20200928-WA0000-1024x768.jpg 1024w, https:\/\/turm-lahnstein.de\/wp-content\/uploads\/2020\/09\/IMG-20200928-WA0000-300x225.jpg 300w, https:\/\/turm-lahnstein.de\/wp-content\/uploads\/2020\/09\/IMG-20200928-WA0000-768x576.jpg 768w, https:\/\/turm-lahnstein.de\/wp-content\/uploads\/2020\/09\/IMG-20200928-WA0000-1536x1152.jpg 1536w, https:\/\/turm-lahnstein.de\/wp-content\/uploads\/2020\/09\/IMG-20200928-WA0000.jpg 1600w\" sizes=\"(max-width: 1024px) 100vw, 1024px\" \/><\/figure>\n\n\n\n<p>Ja wir spielen schon f\u00fcr das Jahr 2021! Wegen den verk\u00fcrzten Weihnachtsferien und der schon 2 Monate sp\u00e4ter stattfindenden Rheinland-Pfalzmeisterschaft fehlen die Termine und so muss man die Rheinlandmeisterschaft um die Herbstferien ausspielen. Die U10 spielte dieses Wochenende an 2 Tagen 7 Turnierpartien, was eine sonst selten gespielte Disziplin ist. <\/p>\n\n\n<p><!--more--><\/p>\n\n\n<p>Bei 17 Teilnehmer waren wir mit vier Spielern stark vertreten. Vincent Oehl, Niclas Elbert, Finn Buchheim und Leo Ke\u00dfler machten sich mit Anhang letzten Samstag schon sehr fr\u00fch auf den Weg nach Kastellaun. Die r\u00fchrigen Kastellauner boten wieder sehr gute Bedingungen, um so eine Meisterschaft stattfinden zu lassen. Auch die Ergebnisaktualisierung im Internet war bestens, so dass man auch von zu Hause mitfiebern konnte.  Der Berichterstatter war 2 Runden vor Ort und mit einer weiteren nachgespielten Partie hatte ich schon einen guten Eindruck von den Leistungen unserer Spieler. Vincent ist im Training immer ganz vorne dabei, wenn es um die L\u00f6sung schwerer Aufgaben geht. Hier muss er sich auf das gestellte Problem einlassen. Im Spiel f\u00e4llt es ihm deutlich schwerer sich zu konzentrieren und so passieren ihm manchmal sehr \u00fcberfl\u00fcssige Fehler. Mit 3 aus 7 erzielte er ein gutes Ergebnis, aber auch er k\u00f6nnte noch viel weiter vorne landen. Leo spielte am Samstag wie vom anderen Stern. Er gewann alle vier Partien! Zweimal konnte ich beobachten wie sehr er sich schon so richtig in eine Partie reinh\u00e4ngen kann. Nat\u00fcrlich fand er nicht immer den besten Zug, aber alle seine Z\u00fcge waren gut genug, um die Stellung weiter zu verbessern, was schlie\u00dflich zu klaren Siegen f\u00fchrte. Eines seiner Opfer war der Titelverteidiger und klare Favorit Michel Fettig. Was am Sonntag los war, ist schwer zu sagen. Leo verlor alle 3 Spiele, wobei ihm ein halber Punkt f\u00fcr einen Pokal gereicht h\u00e4tte. Mit dem 6.Platz bei den Jungs hat er aber die Qualifikation f\u00fcr die Rheinland-Pfalzmeisterschaft erreicht, was auch schon ein toller Erfolg ist. Besonders freue ich mich, dass Finn als Dritter endlich einen Pokal mit nach Hause nehmen konnte. So oft hat er das Treppchen knapp verpasst und bei der Bezirksmeisterschaft gab es f\u00fcr den 3.Platz keine Pokale. Auch bei ihm ist in den letzten Wochen eine Leistungssteigerung zu beobachten. Sehr gut hat mir die Partie gegen seinen Vereinskameraden Niclas gefallen. Die ging \u00fcber die volle Distanz und nur eine kleine Bauernschw\u00e4che\u00b4, die Niclas ausnutzen konnte, brachte die Entscheidung. Er verlor au\u00dferdem nur gegen Michel und erreichte starke 4,5 Punkte. Niclas, der letztes Jahr den Titel nur knapp verpasste, startete ungewohnt fahrig. In Runde 2 sah er schon wie der Sieger aus, als auf einmal einfach die Dame weg war. Ein Fehler, der ihm eigentlich nicht mehr passiert. Mit 2 aus 4, war aus seiner Sicht der Start eher m\u00e4\u00dfig. Der Sonntag geh\u00f6rte dann ihm und mit 3 Siegen in Folge holte er sich wieder den Vizetitel. Sieger bei den Jungen wurde wieder Michel Fettig vor dem ersten M\u00e4dchen Theresa Mader aus Koblenz.  Hier die Ergebnisse:<a href=\"http:\/\/chess-results.com\/tnr535961.aspx?lan=0&amp;art=4\">http:\/\/chess-results.com\/tnr535961.aspx?lan=0&amp;art=4<\/a><\/p>\n\n\n\n<figure class=\"wp-block-gallery columns-2 is-cropped wp-block-gallery-1 is-layout-flex wp-block-gallery-is-layout-flex\"><ul class=\"blocks-gallery-grid\"><li class=\"blocks-gallery-item\"><figure><img loading=\"lazy\" decoding=\"async\" width=\"1024\" height=\"768\" src=\"https:\/\/turm-lahnstein.de\/wp-content\/uploads\/2020\/09\/IMG-20200928-WA0001-1-1024x768.jpg\" alt=\"\" data-id=\"5233\" data-full-url=\"https:\/\/turm-lahnstein.de\/wp-content\/uploads\/2020\/09\/IMG-20200928-WA0001-1.jpg\" data-link=\"https:\/\/turm-lahnstein.de\/?attachment_id=5233\" class=\"wp-image-5233\" srcset=\"https:\/\/turm-lahnstein.de\/wp-content\/uploads\/2020\/09\/IMG-20200928-WA0001-1-1024x768.jpg 1024w, https:\/\/turm-lahnstein.de\/wp-content\/uploads\/2020\/09\/IMG-20200928-WA0001-1-300x225.jpg 300w, https:\/\/turm-lahnstein.de\/wp-content\/uploads\/2020\/09\/IMG-20200928-WA0001-1-768x576.jpg 768w, https:\/\/turm-lahnstein.de\/wp-content\/uploads\/2020\/09\/IMG-20200928-WA0001-1-1536x1152.jpg 1536w, https:\/\/turm-lahnstein.de\/wp-content\/uploads\/2020\/09\/IMG-20200928-WA0001-1.jpg 1600w\" sizes=\"(max-width: 1024px) 100vw, 1024px\" \/><\/figure><\/li><li class=\"blocks-gallery-item\"><figure><img loading=\"lazy\" decoding=\"async\" width=\"1024\" height=\"768\" src=\"https:\/\/turm-lahnstein.de\/wp-content\/uploads\/2020\/09\/IMG-20200927-WA0000.jpg\" alt=\"\" data-id=\"5234\" data-full-url=\"https:\/\/turm-lahnstein.de\/wp-content\/uploads\/2020\/09\/IMG-20200927-WA0000.jpg\" data-link=\"https:\/\/turm-lahnstein.de\/?attachment_id=5234\" class=\"wp-image-5234\" srcset=\"https:\/\/turm-lahnstein.de\/wp-content\/uploads\/2020\/09\/IMG-20200927-WA0000.jpg 1024w, https:\/\/turm-lahnstein.de\/wp-content\/uploads\/2020\/09\/IMG-20200927-WA0000-300x225.jpg 300w, https:\/\/turm-lahnstein.de\/wp-content\/uploads\/2020\/09\/IMG-20200927-WA0000-768x576.jpg 768w\" sizes=\"(max-width: 1024px) 100vw, 1024px\" \/><\/figure><\/li><\/ul><\/figure>\n","protected":false},"excerpt":{"rendered":"<p>Ja wir spielen schon f\u00fcr das Jahr 2021! Wegen den verk\u00fcrzten Weihnachtsferien und der schon 2 Monate sp\u00e4ter stattfindenden Rheinland-Pfalzmeisterschaft fehlen die Termine und so muss man die Rheinlandmeisterschaft um [&hellip;]<\/p>\n","protected":false},"author":4,"featured_media":0,"comment_status":"open","ping_status":"open","sticky":false,"template":"","format":"standard","meta":{"footnotes":""},"categories":[1],"tags":[],"_links":{"self":[{"href":"https:\/\/turm-lahnstein.de\/index.php?rest_route=\/wp\/v2\/posts\/5228"}],"collection":[{"href":"https:\/\/turm-lahnstein.de\/index.php?rest_route=\/wp\/v2\/posts"}],"about":[{"href":"https:\/\/turm-lahnstein.de\/index.php?rest_route=\/wp\/v2\/types\/post"}],"author":[{"embeddable":true,"href":"https:\/\/turm-lahnstein.de\/index.php?rest_route=\/wp\/v2\/users\/4"}],"replies":[{"embeddable":true,"href":"https:\/\/turm-lahnstein.de\/index.php?rest_route=%2Fwp%2Fv2%2Fcomments&post=5228"}],"version-history":[{"count":2,"href":"https:\/\/turm-lahnstein.de\/index.php?rest_route=\/wp\/v2\/posts\/5228\/revisions"}],"predecessor-version":[{"id":5236,"href":"https:\/\/turm-lahnstein.de\/index.php?rest_route=\/wp\/v2\/posts\/5228\/revisions\/5236"}],"wp:attachment":[{"href":"https:\/\/turm-lahnstein.de\/index.php?rest_route=%2Fwp%2Fv2%2Fmedia&parent=5228"}],"wp:term":[{"taxonomy":"category","embeddable":true,"href":"https:\/\/turm-lahnstein.de\/index.php?rest_route=%2Fwp%2Fv2%2Fcategories&post=5228"},{"taxonomy":"post_tag","embeddable":true,"href":"https:\/\/turm-lahnstein.de\/index.php?rest_route=%2Fwp%2Fv2%2Ftags&post=5228"}],"curies":[{"name":"wp","href":"https:\/\/api.w.org\/{rel}","templated":true}]}}