{"id":5144,"date":"2020-09-09T11:11:19","date_gmt":"2020-09-09T11:11:19","guid":{"rendered":"http:\/\/turm-lahnstein.de\/?p=5144"},"modified":"2020-09-09T11:12:00","modified_gmt":"2020-09-09T11:12:00","slug":"pressebericht-david-meuer-rheinland-pfalz-vizemeister","status":"publish","type":"post","link":"https:\/\/turm-lahnstein.de\/?p=5144","title":{"rendered":"Pressebericht: David Meuer Rheinland-Pfalz-Vizemeister"},"content":{"rendered":"\n<figure class=\"wp-block-image size-large\"><img loading=\"lazy\" decoding=\"async\" width=\"254\" height=\"248\" src=\"https:\/\/turm-lahnstein.de\/wp-content\/uploads\/2012\/09\/friedhelm_col.jpg\" alt=\"\" class=\"wp-image-68\"\/><figcaption><br><br><br><\/figcaption><\/figure>\n\n\n\n<p>Wie in vielen Bereichen wurde auch die Saison des Schachverbandes durch Corona v\u00f6llig durcheinander gewirbelt. Umso erfreulicher ist, dass bei der eigentlich in den Osterferien stattfindenden Rheinland-Pfalz-Jugendmeisterschaft, die nun mit stark reduzierter Teilnehmerzahl nachgeholt wurde, ein Jugendspieler des Schachvereins Turm Lahnstein wieder einen guten Erfolg feiern konnte.   <\/p>\n\n\n<p><!--more--><\/p>\n<p><!-- \/wp:paragraph --><\/p>\n\n<!-- wp:paragraph -->\n<p>Der zw\u00f6lfj\u00e4hrige David Meuer hatte sich f\u00fcr das sechsk\u00f6pfige Feld der Besten der Altersklasse unter 14 Jahren qualifiziert. In einem z\u00e4hen Ringen unter den Teilnehmern, die alle trotz ihrer Jugend schon eine gewisse Turniererfahrung und Spielst\u00e4rke aufweisen, blieb er ungeschlagen. Eine  Partie gewann David und die \u00fcbrigen vier endeten jeweils nach hartem Kampf Remis. Da das Feld sehr ausgeglichen war, reichten jeweils 3 Punkte aus f\u00fcnf Partien zu einem der drei ersten Pl\u00e4tze und nach Zweitwertung belegte David den zweiten Platz und errang die Vizemeisterschaft der Schachjugend Rheinland-Pfalz. Die n\u00e4chste Herausforderung steht damit in Form der Deutschen Jugendmeisterschaft seiner Altersklasse, die in den Herbstferien in Willingen\/Hochsauerland nachgeholt wird, an. <\/p>\n<!-- \/wp:paragraph -->","protected":false},"excerpt":{"rendered":"<p>Wie in vielen Bereichen wurde auch die Saison des Schachverbandes durch Corona v\u00f6llig durcheinander gewirbelt. Umso erfreulicher ist, dass bei der eigentlich in den Osterferien stattfindenden Rheinland-Pfalz-Jugendmeisterschaft, die nun mit [&hellip;]<\/p>\n","protected":false},"author":4,"featured_media":0,"comment_status":"open","ping_status":"open","sticky":false,"template":"","format":"standard","meta":{"footnotes":""},"categories":[1],"tags":[],"_links":{"self":[{"href":"https:\/\/turm-lahnstein.de\/index.php?rest_route=\/wp\/v2\/posts\/5144"}],"collection":[{"href":"https:\/\/turm-lahnstein.de\/index.php?rest_route=\/wp\/v2\/posts"}],"about":[{"href":"https:\/\/turm-lahnstein.de\/index.php?rest_route=\/wp\/v2\/types\/post"}],"author":[{"embeddable":true,"href":"https:\/\/turm-lahnstein.de\/index.php?rest_route=\/wp\/v2\/users\/4"}],"replies":[{"embeddable":true,"href":"https:\/\/turm-lahnstein.de\/index.php?rest_route=%2Fwp%2Fv2%2Fcomments&post=5144"}],"version-history":[{"count":4,"href":"https:\/\/turm-lahnstein.de\/index.php?rest_route=\/wp\/v2\/posts\/5144\/revisions"}],"predecessor-version":[{"id":5150,"href":"https:\/\/turm-lahnstein.de\/index.php?rest_route=\/wp\/v2\/posts\/5144\/revisions\/5150"}],"wp:attachment":[{"href":"https:\/\/turm-lahnstein.de\/index.php?rest_route=%2Fwp%2Fv2%2Fmedia&parent=5144"}],"wp:term":[{"taxonomy":"category","embeddable":true,"href":"https:\/\/turm-lahnstein.de\/index.php?rest_route=%2Fwp%2Fv2%2Fcategories&post=5144"},{"taxonomy":"post_tag","embeddable":true,"href":"https:\/\/turm-lahnstein.de\/index.php?rest_route=%2Fwp%2Fv2%2Ftags&post=5144"}],"curies":[{"name":"wp","href":"https:\/\/api.w.org\/{rel}","templated":true}]}}