{"id":5137,"date":"2020-09-02T09:38:53","date_gmt":"2020-09-02T09:38:53","guid":{"rendered":"http:\/\/turm-lahnstein.de\/?p=5137"},"modified":"2020-09-02T09:41:06","modified_gmt":"2020-09-02T09:41:06","slug":"pressebericht-bezirks-jugendmeisterschaften-im-neuen-modus","status":"publish","type":"post","link":"https:\/\/turm-lahnstein.de\/?p=5137","title":{"rendered":"Pressebericht: Bezirks-Jugendmeisterschaften im neuen Modus"},"content":{"rendered":"\n<figure class=\"wp-block-image size-large\"><img loading=\"lazy\" decoding=\"async\" width=\"254\" height=\"248\" src=\"https:\/\/turm-lahnstein.de\/wp-content\/uploads\/2012\/09\/friedhelm_col.jpg\" alt=\"\" class=\"wp-image-68\"\/><\/figure>\n\n\n\n<p>Da die \u00fcbliche Austragung der Bezirks-Jugendmeisterschaft in einer Jugendherberge nicht verwirklicht werden konnte, musste der Schachbezirk Rhein-Nahe neue Wege gehen. Mit jeweils von der Teilnehmerzahl abgespeckten Feldern wurden die Meisterschaften  an verschiedenen Orten f\u00fcr die einzelnen Altersklassen abgewickelt. Auch der Schachverein Turm Lahnstein hatte sich als ein Ausrichter zur Verf\u00fcgung gestellt. Die Altersklassen U(nter) 12 und U 14 wurden im Johannes-Gymnasium Lahnstein ausgetragen.<\/p>\n\n\n<p><!--more--><\/p>\n\n\n<p>In der sehr stark besetzten U 14 stellte der Verein sechs von zw\u00f6lf Teilnehmern. Mit David Meuer wurde ein Lahnsteiner mit vier von f\u00fcnf m\u00f6glichen Punkten punktgleich mit dem Meister Zweiter und qualifizierte sich damit zur Rheinlandmeisterschaft in dieser Altersklasse. Dieses Ziel verpassten Christian Samtleben und Lasse Werling trotz guter Leistungen mit den Pl\u00e4tzen f\u00fcnf und sechs knapp. Peter Bida, Jonathan Lenz und Till Seifert begn\u00fcgten sich mit Pl\u00e4tzen in der zweiten Tabellenh\u00e4lfte. In der U 12 trumpfte von drei Lahnsteinern vor allem Zhang Hao Dong auf, der aufgrund seines Alters sogar noch in der j\u00fcngeren Altersklasse U 10 spielberechtigt war. Hinter dem unangefochtenen Meister sicherte er sich mit f\u00fcnf Punkten aus sieben Partien ebenfalls einen Vize-Meister-Platz. Mit Patrick Br\u00fchl als Dritter schaffte ein weiterer Lahnsteiner es auf die Qualifikationspl\u00e4tze zur Rheinlandmeisterschaft. Dicht dahinter lag Clemens Oehl vom SV Turm auf dem f\u00fcnften Rang.  Im Schulzentrum Kastellaun bewiesen die j\u00fcngsten Lahnsteiner in der Altersklasse U 10 ihr Talent. Mit Niclas Elbert, Finn Buchheim und Leo Ke\u00dfler belegten gleich drei Lahnsteiner mit je 4,5 Punkten aus sieben Partien die Pl\u00e4tze zwei, drei  und vier. F\u00fcr alle bedeutete dieses Abschneiden auch die Teilnahmeberechtigung f\u00fcr die Rheinland-Jugendmeisterschaft. Auch Vincent Oehl mit vier Punkten und Jaron Lenz als allerj\u00fcngsten Teilnehmer mit gerade f\u00fcnf Jahren und 2,5 Punkten hat das Turnier viel Spa\u00df gemacht. In der Altersklasse U 16 erk\u00e4mpfte sich Joshua Lenz mit 3,5 von sechs Punkten einen zweiten Platz, in dem er sich lediglich dem Erstplatzierten geschlagen bekennen musste.  Auch f\u00fcr Joshua ist die Qualifikation zur Rheinlandmeisterschaft ein sch\u00f6ner Erfolg.       <\/p>\n","protected":false},"excerpt":{"rendered":"<p>Da die \u00fcbliche Austragung der Bezirks-Jugendmeisterschaft in einer Jugendherberge nicht verwirklicht werden konnte, musste der Schachbezirk Rhein-Nahe neue Wege gehen. Mit jeweils von der Teilnehmerzahl abgespeckten Feldern wurden die Meisterschaften [&hellip;]<\/p>\n","protected":false},"author":4,"featured_media":0,"comment_status":"open","ping_status":"open","sticky":false,"template":"","format":"standard","meta":{"footnotes":""},"categories":[1],"tags":[],"_links":{"self":[{"href":"https:\/\/turm-lahnstein.de\/index.php?rest_route=\/wp\/v2\/posts\/5137"}],"collection":[{"href":"https:\/\/turm-lahnstein.de\/index.php?rest_route=\/wp\/v2\/posts"}],"about":[{"href":"https:\/\/turm-lahnstein.de\/index.php?rest_route=\/wp\/v2\/types\/post"}],"author":[{"embeddable":true,"href":"https:\/\/turm-lahnstein.de\/index.php?rest_route=\/wp\/v2\/users\/4"}],"replies":[{"embeddable":true,"href":"https:\/\/turm-lahnstein.de\/index.php?rest_route=%2Fwp%2Fv2%2Fcomments&post=5137"}],"version-history":[{"count":2,"href":"https:\/\/turm-lahnstein.de\/index.php?rest_route=\/wp\/v2\/posts\/5137\/revisions"}],"predecessor-version":[{"id":5140,"href":"https:\/\/turm-lahnstein.de\/index.php?rest_route=\/wp\/v2\/posts\/5137\/revisions\/5140"}],"wp:attachment":[{"href":"https:\/\/turm-lahnstein.de\/index.php?rest_route=%2Fwp%2Fv2%2Fmedia&parent=5137"}],"wp:term":[{"taxonomy":"category","embeddable":true,"href":"https:\/\/turm-lahnstein.de\/index.php?rest_route=%2Fwp%2Fv2%2Fcategories&post=5137"},{"taxonomy":"post_tag","embeddable":true,"href":"https:\/\/turm-lahnstein.de\/index.php?rest_route=%2Fwp%2Fv2%2Ftags&post=5137"}],"curies":[{"name":"wp","href":"https:\/\/api.w.org\/{rel}","templated":true}]}}