{"id":5089,"date":"2020-08-08T03:09:31","date_gmt":"2020-08-08T03:09:31","guid":{"rendered":"http:\/\/turm-lahnstein.de\/?p=5089"},"modified":"2020-08-08T03:09:31","modified_gmt":"2020-08-08T03:09:31","slug":"vereinsmeisterschaft-2020-6-runde","status":"publish","type":"post","link":"https:\/\/turm-lahnstein.de\/?p=5089","title":{"rendered":"Vereinsmeisterschaft 2020: 6.Runde"},"content":{"rendered":"\n<p>Bericht von Turnierleiter Michael Sefeloge<\/p>\n\n\n\n<p>Nach einer vier Monate w\u00e4hrenden Zwangspause wurde Mitte Juli die Vereinsmeisterschaft fortgesetzt. <\/p>\n\n\n<p><br>\n<br>\n<!--StartFragment--><\/p>\n\n\n<!--more-->\n\n\n<p><!--EndFragment--><br \/><br \/><\/p>\n\n\n<p>Den Anfang machten Lasse Werling und der Turnierleiter. Im\n16. Zug schlug Lasse mit der Dame einen Bauern, was ihn aber f\u00fcnf Z\u00fcge sp\u00e4ter zwingend\neine Qualit\u00e4t kostete.&nbsp; Danach spielte\nLasse aber etliche ganz starke Z\u00fcge, es ging ins Endspiel Springer und sechs\nBauern gegen meinen Turm und f\u00fcnf Bauern. Doch jetzt war ich an der Reihe,\nmehrere ungenaue Z\u00fcge zu machen, nach etwa 45 Z\u00fcgen hatte ich durch seine zwei\nverbundenen Freibauern eine Verluststellung zu verwalten. Doch jetzt kam die\nZeitnot dazu, Lasse verstellte sich mit K\u00f6nig und Springer die eigenen Bauern,\nw\u00e4hrend mein e-Bauer zur Dame lief. Viel Pech f\u00fcr ihn, viel Gl\u00fcck f\u00fcr\nmich.&nbsp; <\/p>\n\n\n\n<p>Eine Woche sp\u00e4ter konnten Christian Samtleben gegen Patrick\nBr\u00fchl und Jonathan Lenz gegen Annika Br\u00fchl gewinnen. Gleichzeitig, aber rund 50\nMeter entfernt, spielten Kurt Sanner und Werner Sonnhoff ihre Partie. Leider\nhabe ich nicht allzu viel davon mitbekommen, jedenfalls konnte Werner Sonnhoff\ngewinnen.<\/p>\n\n\n\n<p>Wiederum eine Woche sp\u00e4ter spielten David Meuer gegen\nFriedhelm Schneider und Stephan Meuer gegen Jakub Rezakovic. Beide Partien\nendeten nach langem Kampf Remis.<\/p>\n\n\n\n<p>Zwei Partien endeten kampflos.<\/p>\n\n\n\n<p>Ergebnisse:<\/p>\n\n\n\n<figure class=\"wp-block-table\"><table class=\"\"><tbody><tr><td>\n  David Meuer\n  <\/td><td>\n  r\n  <\/td><td>\n  Friedhelm\n  Schneider\n  <\/td><\/tr><tr><td>\n  Stephan Meuer\n  <\/td><td>\n  r\n  <\/td><td>\n  Jakub Rezakovic\n  <\/td><\/tr><tr><td>\n  Peter Schreieck\n  <\/td><td>\n  +:-\n  <\/td><td>\n  Lena Seelige\n  <\/td><\/tr><tr><td>\n  Kurt Sanner\n  <\/td><td>\n  0:1\n  <\/td><td>\n  Werner Sonnhoff\n  <\/td><\/tr><tr><td>\n  Michael Sefeloge\n  <\/td><td>\n  1:0\n  <\/td><td>\n  Lasse Werling\n  <\/td><\/tr><tr><td>\n  Dilja Meuer\n  <\/td><td>\n  -:+\n  <\/td><td>\n  Elmar Wiskirchen\n  <\/td><\/tr><tr><td>\n  Patrick Br\u00fchl\n  <\/td><td>\n  0:1\n  <\/td><td>\n  Christian\n  Samtleben\n  <\/td><\/tr><tr><td>\n  Annika Br\u00fchl\n  <\/td><td>\n  0:1\n  <\/td><td>\n  Jonathan Lenz\n  <\/td><\/tr><tr><td>\n  Joshua Lenz\n  <\/td><td>\n  +:-\n  <\/td><td>\n  Freilos\n  <\/td><\/tr><\/tbody><\/table><\/figure>\n\n\n\n<p>Tabelle nach sechs Runden:<\/p>\n\n\n\n<figure class=\"wp-block-table\"><table class=\"\"><tbody><tr><td>\n  <strong>Rang<\/strong>\n  <\/td><td>\n  <strong>Teilnehmer<\/strong>\n  <\/td><td>\n  <strong>DWZ<\/strong>\n  <\/td><td>\n  <strong>Punkte<\/strong>\n  <\/td><td>\n  <strong>BH<\/strong>\n  <\/td><td>\n  <strong>SB<\/strong>\n  <\/td><\/tr><tr><td>\n  &nbsp;\n  <\/td><td>\n  &nbsp;\n  <\/td><td>\n  &nbsp;\n  <\/td><td>\n  &nbsp;\n  <\/td><td>\n  &nbsp;\n  <\/td><td>\n  &nbsp;\n  <\/td><\/tr><tr><td>\n  01\n  <\/td><td>\n  Friedhelm Schneider\n  <\/td><td>\n  1859\n  <\/td><td>\n  5.0\n  <\/td><td>\n  19.0\n  <\/td><td>\n  15.50\n  <\/td><\/tr><tr><td>\n  02\n  <\/td><td>\n  Werner Sonnhoff\n  <\/td><td>\n  1709\n  <\/td><td>\n  4.0\n  <\/td><td>\n  19.5\n  <\/td><td>\n  12.50\n  <\/td><\/tr><tr><td>\n  03\n  <\/td><td>\n  Peter Schreieck\n  <\/td><td>\n  1764\n  <\/td><td>\n  4.0\n  <\/td><td>\n  19.0\n  <\/td><td>\n  12.00\n  <\/td><\/tr><tr><td>\n  04\n  <\/td><td>\n  David Meuer\n  <\/td><td>\n  1675\n  <\/td><td>\n  4.0\n  <\/td><td>\n  18.5\n  <\/td><td>\n  11.00\n  <\/td><\/tr><tr><td>\n  05\n  <\/td><td>\n  Jakub Rezakovic\n  <\/td><td>\n  1659\n  <\/td><td>\n  4.0\n  <\/td><td>\n  17.5\n  <\/td><td>\n  11.25\n  <\/td><\/tr><tr><td>\n  06\n  <\/td><td>\n  Michael Sefeloge\n  <\/td><td>\n  1657\n  <\/td><td>\n  3.5\n  <\/td><td>\n  20.5\n  <\/td><td>\n  9.50\n  <\/td><\/tr><tr><td>\n  07\n  <\/td><td>\n  Joshua Lenz\n  <\/td><td>\n  1477\n  <\/td><td>\n  3.5\n  <\/td><td>\n  17.5\n  <\/td><td>\n  8.50\n  <\/td><\/tr><tr><td>\n  08\n  <\/td><td>\n  Stephan Meuer\n  <\/td><td>\n  1155\n  <\/td><td>\n  3.5\n  <\/td><td>\n  17.5\n  <\/td><td>\n  8.00\n  <\/td><\/tr><tr><td>\n  09\n  <\/td><td>\n  Elmar Wiskirchen\n  <\/td><td>\n  1117\n  <\/td><td>\n  3.5\n  <\/td><td>\n  15.5\n  <\/td><td>\n  6.00\n  <\/td><\/tr><tr><td>\n  10\n  <\/td><td>\n  Kurt Sanner\n  <\/td><td>\n  1656\n  <\/td><td>\n  3.0\n  <\/td><td>\n  23.5\n  <\/td><td>\n  10.75\n  <\/td><\/tr><tr><td>\n  11\n  <\/td><td>\n  Lasse Werling\n  <\/td><td>\n  1504\n  <\/td><td>\n  3.0\n  <\/td><td>\n  21.5\n  <\/td><td>\n  9.25\n  <\/td><\/tr><tr><td>\n  12\n  <\/td><td>\n  Lena Seelige\n  <\/td><td>\n  897\n  <\/td><td>\n  3.0\n  <\/td><td>\n  16.0\n  <\/td><td>\n  6.00\n  <\/td><\/tr><tr><td>\n  13\n  <\/td><td>\n  Christian Samtleben\n  <\/td><td>\n  1307\n  <\/td><td>\n  3.0\n  <\/td><td>\n  14.0\n  <\/td><td>\n  3.00\n  <\/td><\/tr><tr><td>\n  14\n  <\/td><td>\n  Patrick Br\u00fchl\n  <\/td><td>\n  884\n  <\/td><td>\n  2.0\n  <\/td><td>\n  17.5\n  <\/td><td>\n  4.00\n  <\/td><\/tr><tr><td>\n  15\n  <\/td><td>\n  Jonathan Lenz\n  <\/td><td>\n  1058\n  <\/td><td>\n  2.0\n  <\/td><td>\n  15.5\n  <\/td><td>\n  2.00\n  <\/td><\/tr><tr><td>\n  16\n  <\/td><td>\n  Dilja Meuer\n  <\/td><td>\n  1346\n  <\/td><td>\n  2.0\n  <\/td><td>\n  15.0\n  <\/td><td>\n  4.00\n  <\/td><\/tr><tr><td>\n  17\n  <\/td><td>\n  Annika Br\u00fchl\n  <\/td><td>\n  &nbsp;\n  <\/td><td>\n  1.0\n  <\/td><td>\n  16.5\n  <\/td><td>\n  2.50\n  <\/td><\/tr><\/tbody><\/table><\/figure>\n\n\n\n<p>Auslosung der 7. Runde<\/p>\n\n\n\n<figure class=\"wp-block-table\"><table class=\"\"><tbody><tr><td>\n  Friedhelm\n  Schneider\n  <\/td><td>\n  &nbsp;\n  <\/td><td>\n  Jakub Rezakovic\n  <\/td><\/tr><tr><td>\n  Peter Schreieck\n  <\/td><td>\n  &nbsp;\n  <\/td><td>\n  David Meuer\n  <\/td><\/tr><tr><td>\n  Werner Sonnhoff\n  <\/td><td>\n  &nbsp;\n  <\/td><td>\n  Elmar Wiskirchen\n  <\/td><\/tr><tr><td>\n  Joshua Lenz\n  <\/td><td>\n  &nbsp;\n  <\/td><td>\n  Stephan Meuer\n  <\/td><\/tr><tr><td>\n  Christian\n  Samtleben\n  <\/td><td>\n  &nbsp;\n  <\/td><td>\n  Michael Sefeloge\n  <\/td><\/tr><tr><td>\n  Lasse Werling\n  <\/td><td>\n  &nbsp;\n  <\/td><td>\n  Lena Seelige\n  <\/td><\/tr><tr><td>\n  Jonathan Lenz\n  <\/td><td>\n  &nbsp;\n  <\/td><td>\n  Kurt Sanner\n  <\/td><\/tr><tr><td>\n  Annika Br\u00fchl\n  <\/td><td>\n  &nbsp;\n  <\/td><td>\n  Patrick Br\u00fchl\n  <\/td><\/tr><\/tbody><\/table><\/figure>\n\n\n\n<p><\/p>\n\n\n\n<p><\/p>\n","protected":false},"excerpt":{"rendered":"<p>Bericht von Turnierleiter Michael Sefeloge Nach einer vier Monate w\u00e4hrenden Zwangspause wurde Mitte Juli die Vereinsmeisterschaft fortgesetzt.<\/p>\n","protected":false},"author":4,"featured_media":0,"comment_status":"open","ping_status":"open","sticky":false,"template":"","format":"standard","meta":{"footnotes":""},"categories":[1],"tags":[],"_links":{"self":[{"href":"https:\/\/turm-lahnstein.de\/index.php?rest_route=\/wp\/v2\/posts\/5089"}],"collection":[{"href":"https:\/\/turm-lahnstein.de\/index.php?rest_route=\/wp\/v2\/posts"}],"about":[{"href":"https:\/\/turm-lahnstein.de\/index.php?rest_route=\/wp\/v2\/types\/post"}],"author":[{"embeddable":true,"href":"https:\/\/turm-lahnstein.de\/index.php?rest_route=\/wp\/v2\/users\/4"}],"replies":[{"embeddable":true,"href":"https:\/\/turm-lahnstein.de\/index.php?rest_route=%2Fwp%2Fv2%2Fcomments&post=5089"}],"version-history":[{"count":2,"href":"https:\/\/turm-lahnstein.de\/index.php?rest_route=\/wp\/v2\/posts\/5089\/revisions"}],"predecessor-version":[{"id":5091,"href":"https:\/\/turm-lahnstein.de\/index.php?rest_route=\/wp\/v2\/posts\/5089\/revisions\/5091"}],"wp:attachment":[{"href":"https:\/\/turm-lahnstein.de\/index.php?rest_route=%2Fwp%2Fv2%2Fmedia&parent=5089"}],"wp:term":[{"taxonomy":"category","embeddable":true,"href":"https:\/\/turm-lahnstein.de\/index.php?rest_route=%2Fwp%2Fv2%2Fcategories&post=5089"},{"taxonomy":"post_tag","embeddable":true,"href":"https:\/\/turm-lahnstein.de\/index.php?rest_route=%2Fwp%2Fv2%2Ftags&post=5089"}],"curies":[{"name":"wp","href":"https:\/\/api.w.org\/{rel}","templated":true}]}}