{"id":5031,"date":"2020-04-18T12:47:02","date_gmt":"2020-04-18T12:47:02","guid":{"rendered":"http:\/\/turm-lahnstein.de\/?p=5031"},"modified":"2020-04-18T12:47:02","modified_gmt":"2020-04-18T12:47:02","slug":"1-freitagsblitzen-beim-sv-turm","status":"publish","type":"post","link":"https:\/\/turm-lahnstein.de\/?p=5031","title":{"rendered":"1.Freitagsblitzen beim SV Turm"},"content":{"rendered":"\n<p>Diesen Freitag haben auch die Erwachsenen ihr ersten Blitzen absolviert, wobei die Jugendlichen immer noch in der \u00dcberzahl waren. Eingeladen waren Lahnsteiner und Freunde des Vereins. <!--more--> Die internetangepasste Wertung bei der Lichess Arena brachte dann ein etwas merkw\u00fcrdiges Ergebnis. Der zweit\u00e4lteste Teilnehmer spielte immer extrem schnell, bei vollem Risiko. Das ging zwar manchmal daneben, aber er hatte am Ende 7 Partien mehr als der Zweitplatzierte (Pascal Grzeca) und sogar 9 Partien mehr als der Favorit und 3. Egor. Nun denn es ging ja nicht um Gerechtigkeit sondern um Spa\u00df und so weit ich das absch\u00e4tzen kann waren alle mit Eifer dabei. Bei den \u00e4lteren Jugendlichen war Joshua weit vorne und bei den U10er war es Niclas, der seine Schachfreunde hinter sich lassen konnte. N\u00e4chsten Freitag werden wir das Blitzen wiederholen. Wir w\u00fcrden uns \u00fcber weitere Teilnehmer freuen.<\/p>\n\n\n\n<p>Das Ergebnis findet ihr hier: https:\/\/lichess.org\/tournament\/r23OiZLW<\/p>\n\n\n\n<p><\/p>\n\n\n\n<p><\/p>\n","protected":false},"excerpt":{"rendered":"<p>Diesen Freitag haben auch die Erwachsenen ihr ersten Blitzen absolviert, wobei die Jugendlichen immer noch in der \u00dcberzahl waren. Eingeladen waren Lahnsteiner und Freunde des Vereins.<\/p>\n","protected":false},"author":4,"featured_media":0,"comment_status":"open","ping_status":"open","sticky":false,"template":"","format":"standard","meta":{"footnotes":""},"categories":[1],"tags":[],"_links":{"self":[{"href":"https:\/\/turm-lahnstein.de\/index.php?rest_route=\/wp\/v2\/posts\/5031"}],"collection":[{"href":"https:\/\/turm-lahnstein.de\/index.php?rest_route=\/wp\/v2\/posts"}],"about":[{"href":"https:\/\/turm-lahnstein.de\/index.php?rest_route=\/wp\/v2\/types\/post"}],"author":[{"embeddable":true,"href":"https:\/\/turm-lahnstein.de\/index.php?rest_route=\/wp\/v2\/users\/4"}],"replies":[{"embeddable":true,"href":"https:\/\/turm-lahnstein.de\/index.php?rest_route=%2Fwp%2Fv2%2Fcomments&post=5031"}],"version-history":[{"count":2,"href":"https:\/\/turm-lahnstein.de\/index.php?rest_route=\/wp\/v2\/posts\/5031\/revisions"}],"predecessor-version":[{"id":5033,"href":"https:\/\/turm-lahnstein.de\/index.php?rest_route=\/wp\/v2\/posts\/5031\/revisions\/5033"}],"wp:attachment":[{"href":"https:\/\/turm-lahnstein.de\/index.php?rest_route=%2Fwp%2Fv2%2Fmedia&parent=5031"}],"wp:term":[{"taxonomy":"category","embeddable":true,"href":"https:\/\/turm-lahnstein.de\/index.php?rest_route=%2Fwp%2Fv2%2Fcategories&post=5031"},{"taxonomy":"post_tag","embeddable":true,"href":"https:\/\/turm-lahnstein.de\/index.php?rest_route=%2Fwp%2Fv2%2Ftags&post=5031"}],"curies":[{"name":"wp","href":"https:\/\/api.w.org\/{rel}","templated":true}]}}