{"id":5008,"date":"2020-03-15T11:16:51","date_gmt":"2020-03-15T11:16:51","guid":{"rendered":"http:\/\/turm-lahnstein.de\/?p=5008"},"modified":"2020-03-15T11:16:51","modified_gmt":"2020-03-15T11:16:51","slug":"vereinsmeisterschaft-5-runde-4","status":"publish","type":"post","link":"https:\/\/turm-lahnstein.de\/?p=5008","title":{"rendered":"Vereinsmeisterschaft 5.Runde"},"content":{"rendered":"\n<p>Bericht des Turnierleiters Michael Sefeloge<\/p>\n\n\n\n<p>Elmar Wiskirchen und Stephan Meuer hatten vorgespielt, die\nPartie ging Unentschieden aus. Am Hauptspieltag \u00fcberschlugen sich dann die\nEreignisse. Zwar gingen die Partien Werner Sonnhoff gegen David Meuer und Lasse\nWerling gegen Peter Schreieck ebenfalls Remis aus, die restlichen f\u00fcnf Partien\nwurden aber alle entschieden.<\/p>\n\n\n\n<p>Joshua Lenz fertigte seinen Bruder in gesch\u00e4tzten f\u00fcnf Minuten ab, auch Christian Samtleben gewann gegen Annika Br\u00fchl recht schnell. Lena Seelige setzte ihren H\u00f6henflug weiter fort, der Gewinn gegen Patrick Br\u00fchl war der Dritte in Folge!<\/p>\n\n\n<p><!--more--><\/p>\n\n\n<p><\/p>\n\n\n\n<p>Gerade zu ein St\u00fcck aus dem Tollhaus war meine Partie gegen\nJakub Rezakovic. Im zehnten Zug glaubte ich, die Rochade gemacht zu haben und\ntrug auch 0-0 ein. Erst mehrere Z\u00fcge sp\u00e4ter merkte ich an der Reaktion von\nJakub, was da auf dem Brett stand. Ich hatte Tf8 gezogen und den K\u00f6nig in der\nMitte stehen lassen?? Ein inzwischen gar nicht mehr so seltener Blackout\nmeinerseits. Das Endergebnis stand also fr\u00fch fest, obwohl ich nach einem\nschwachen Zug von Jakub sogar noch gewisse Chancen hatte, sie aber in\naufkommender Zeitnot nicht nutzen konnte<\/p>\n\n\n\n<p>\u00dcber die volle Distanz duellierten sich Kurt Sanner und\nFriedhelm Schneider. Erst im Endspiel machte sich der Qualit\u00e4tsgewinn von\nunserem amtierenden Vereinsmeister bemerkbar, als der K\u00f6nig von Kurt Sanner\nabgeklemmt wurde und ein Bauer nur unter Opfer eines L\u00e4ufers aufzuhalten\ngewesen w\u00e4re. In diesem Augenblick zeigte die Uhr Zeit\u00fcberschreitung an.<\/p>\n\n\n\n<p>Ergebnisse<\/p>\n\n\n\n<figure class=\"wp-block-table\"><table class=\"\"><tbody><tr><td>\n  Kurt Sanner\n  <\/td><td>\n  0:1\n  <\/td><td>\n  Friedhelm\n  Schneider\n  <\/td><\/tr><tr><td>\n  Werner Sonnhoff\n  <\/td><td>\n  r\n  <\/td><td>\n  David Meuer\n  <\/td><\/tr><tr><td>\n  Lasse Werling\n  <\/td><td>\n  r\n  <\/td><td>\n  Peter Schreieck\n  <\/td><\/tr><tr><td>\n  Jakub Rezakovic\n  <\/td><td>\n  1:0\n  <\/td><td>\n  Michael Sefeloge\n  <\/td><\/tr><tr><td>\n  Elmar Wiskirchen\n  <\/td><td>\n  r\n  <\/td><td>\n  Stephan Meuer\n  <\/td><\/tr><tr><td>\n  Lena Seelige\n  <\/td><td>\n  1:0\n  <\/td><td>\n  Patrick Br\u00fchl\n  <\/td><\/tr><tr><td>\n  Joshua Lenz\n  <\/td><td>\n  1:0\n  <\/td><td>\n  Jonathan Lenz\n  <\/td><\/tr><tr><td>\n  Christian\n  Samtleben\n  <\/td><td>\n  1:0\n  <\/td><td>\n  Annika Br\u00fchl\n  <\/td><\/tr><tr><td>\n  Dilja Meuer\n  <\/td><td>\n  +:-\n  <\/td><td>\n  Freilos\n  <\/td><\/tr><\/tbody><\/table><\/figure>\n\n\n\n<p>Auslosung der 6. Runde <\/p>\n\n\n\n<figure class=\"wp-block-table\"><table class=\"\"><tbody><tr><td>\n  David Meuer\n  <\/td><td>\n  &nbsp;\n  <\/td><td>\n  Friedhelm\n  Schneider\n  <\/td><\/tr><tr><td>\n  Stephan Meuer\n  <\/td><td>\n  &nbsp;\n  <\/td><td>\n  Jakub Rezakovic\n  <\/td><\/tr><tr><td>\n  Peter Schreieck\n  <\/td><td>\n  &nbsp;\n  <\/td><td>\n  Lena Seelige\n  <\/td><\/tr><tr><td>\n  Kurt Sanner\n  <\/td><td>\n  &nbsp;\n  <\/td><td>\n  Werner Sonnhoff\n  <\/td><\/tr><tr><td>\n  Michael Sefeloge\n  <\/td><td>\n  &nbsp;\n  <\/td><td>\n  Lasse Werling\n  <\/td><\/tr><tr><td>\n  Dilja Meuer\n  <\/td><td>\n  &nbsp;\n  <\/td><td>\n  Elmar Wiskirchen\n  <\/td><\/tr><tr><td>\n  Patrick Br\u00fchl\n  <\/td><td>\n  &nbsp;\n  <\/td><td>\n  Christian\n  Samtleben\n  <\/td><\/tr><tr><td>\n  Annika Br\u00fchl\n  <\/td><td>\n  &nbsp;\n  <\/td><td>\n  Jonathan Lenz\n  <\/td><\/tr><tr><td>\n  Joshua Lenz\n  <\/td><td>\n  +:-\n  <\/td><td>\n  Freilos\n  <\/td><\/tr><\/tbody><\/table><\/figure>\n\n\n\n<p>Tabelle nach f\u00fcnf Runden:<\/p>\n\n\n\n<figure class=\"wp-block-table\"><table class=\"\"><tbody><tr><td>\n  <strong>Rang<\/strong>\n  <\/td><td>\n  <strong>Teilnehmer<\/strong>\n  <\/td><td>\n  <strong>DWZ<\/strong>\n  <\/td><td>\n  <strong>Punkte<\/strong>\n  <\/td><td>\n  <strong>BH<\/strong>\n  <\/td><td>\n  <strong>SB<\/strong>\n  <\/td><\/tr><tr><td>\n  &nbsp;\n  <\/td><td>\n  &nbsp;\n  <\/td><td>\n  &nbsp;\n  <\/td><td>\n  &nbsp;\n  <\/td><td>\n  &nbsp;\n  <\/td><td>\n  &nbsp;\n  <\/td><\/tr><tr><td>\n  01\n  <\/td><td>\n  Friedhelm Schneider\n  <\/td><td>\n  1859\n  <\/td><td>\n  4.5\n  <\/td><td>\n  12.5\n  <\/td><td>\n  11.25\n  <\/td><\/tr><tr><td>\n  02\n  <\/td><td>\n  Jakub Rezakovic\n  <\/td><td>\n  1659\n  <\/td><td>\n  3.5\n  <\/td><td>\n  12.5\n  <\/td><td>\n  8.00\n  <\/td><\/tr><tr><td>\n  03\n  <\/td><td>\n  David Meuer\n  <\/td><td>\n  1675\n  <\/td><td>\n  3.5\n  <\/td><td>\n  12.0\n  <\/td><td>\n  7.00\n  <\/td><\/tr><tr><td>\n  04\n  <\/td><td>\n  Kurt Sanner\n  <\/td><td>\n  1656\n  <\/td><td>\n  3.0\n  <\/td><td>\n  17.0\n  <\/td><td>\n  9.25\n  <\/td><\/tr><tr><td>\n  05\n  <\/td><td>\n  Lasse Werling\n  <\/td><td>\n  1504\n  <\/td><td>\n  3.0\n  <\/td><td>\n  16.0\n  <\/td><td>\n  8.25\n  <\/td><\/tr><tr><td>\n  06\n  <\/td><td>\n  Peter Schreieck\n  <\/td><td>\n  1764\n  <\/td><td>\n  3.0\n  <\/td><td>\n  14.0\n  <\/td><td>\n  7.75\n  <\/td><\/tr><tr><td>\n  07\n  <\/td><td>\n  Werner Sonnhoff\n  <\/td><td>\n  1709\n  <\/td><td>\n  3.0\n  <\/td><td>\n  13.0\n  <\/td><td>\n  7.25\n  <\/td><\/tr><tr><td>\n  08\n  <\/td><td>\n  Stephan Meuer\n  <\/td><td>\n  1155\n  <\/td><td>\n  3.0\n  <\/td><td>\n  11.0\n  <\/td><td>\n  4.75\n  <\/td><\/tr><tr><td>\n  09\n  <\/td><td>\n  Lena Seelige\n  <\/td><td>\n  897\n  <\/td><td>\n  3.0\n  <\/td><td>\n  10.0\n  <\/td><td>\n  4.50\n  <\/td><\/tr><tr><td>\n  10\n  <\/td><td>\n  Michael Sefeloge\n  <\/td><td>\n  1657\n  <\/td><td>\n  2.5\n  <\/td><td>\n  14.0\n  <\/td><td>\n  4.50\n  <\/td><\/tr><tr><td>\n  11\n  <\/td><td>\n  Joshua Lenz\n  <\/td><td>\n  1477\n  <\/td><td>\n  2.5\n  <\/td><td>\n  12.0\n  <\/td><td>\n  4.25\n  <\/td><\/tr><tr><td>\n  12\n  <\/td><td>\n  Elmar Wiskirchen\n  <\/td><td>\n  1117\n  <\/td><td>\n  2.5\n  <\/td><td>\n  10.5\n  <\/td><td>\n  2.25\n  <\/td><\/tr><tr><td>\n  13\n  <\/td><td>\n  Patrick Br\u00fchl\n  <\/td><td>\n  884\n  <\/td><td>\n  2.0\n  <\/td><td>\n  13.0\n  <\/td><td>\n  3.00\n  <\/td><\/tr><tr><td>\n  14\n  <\/td><td>\n  Christian Samtleben\n  <\/td><td>\n  1307\n  <\/td><td>\n  2.0\n  <\/td><td>\n  10.0\n  <\/td><td>\n  1.00\n  <\/td><\/tr><tr><td>\n  15\n  <\/td><td>\n  Dilja Meuer\n  <\/td><td>\n  1346\n  <\/td><td>\n  2.0\n  <\/td><td>\n  09.5\n  <\/td><td>\n  2.50\n  <\/td><\/tr><tr><td>\n  16\n  <\/td><td>\n  Annika Br\u00fchl\n  <\/td><td>\n  &nbsp;\n  <\/td><td>\n  1.0\n  <\/td><td>\n  12.0\n  <\/td><td>\n  2.00\n  <\/td><\/tr><tr><td>\n  17\n  <\/td><td>\n  Jonathan Lenz\n  <\/td><td>\n  1058\n  <\/td><td>\n  1.0\n  <\/td><td>\n  12.0\n  <\/td><td>\n  1.00\n  <\/td><\/tr><\/tbody><\/table><\/figure>\n","protected":false},"excerpt":{"rendered":"<p>Bericht des Turnierleiters Michael Sefeloge Elmar Wiskirchen und Stephan Meuer hatten vorgespielt, die Partie ging Unentschieden aus. Am Hauptspieltag \u00fcberschlugen sich dann die Ereignisse. Zwar gingen die Partien Werner Sonnhoff [&hellip;]<\/p>\n","protected":false},"author":4,"featured_media":0,"comment_status":"open","ping_status":"open","sticky":false,"template":"","format":"standard","meta":{"footnotes":""},"categories":[1],"tags":[],"_links":{"self":[{"href":"https:\/\/turm-lahnstein.de\/index.php?rest_route=\/wp\/v2\/posts\/5008"}],"collection":[{"href":"https:\/\/turm-lahnstein.de\/index.php?rest_route=\/wp\/v2\/posts"}],"about":[{"href":"https:\/\/turm-lahnstein.de\/index.php?rest_route=\/wp\/v2\/types\/post"}],"author":[{"embeddable":true,"href":"https:\/\/turm-lahnstein.de\/index.php?rest_route=\/wp\/v2\/users\/4"}],"replies":[{"embeddable":true,"href":"https:\/\/turm-lahnstein.de\/index.php?rest_route=%2Fwp%2Fv2%2Fcomments&post=5008"}],"version-history":[{"count":1,"href":"https:\/\/turm-lahnstein.de\/index.php?rest_route=\/wp\/v2\/posts\/5008\/revisions"}],"predecessor-version":[{"id":5009,"href":"https:\/\/turm-lahnstein.de\/index.php?rest_route=\/wp\/v2\/posts\/5008\/revisions\/5009"}],"wp:attachment":[{"href":"https:\/\/turm-lahnstein.de\/index.php?rest_route=%2Fwp%2Fv2%2Fmedia&parent=5008"}],"wp:term":[{"taxonomy":"category","embeddable":true,"href":"https:\/\/turm-lahnstein.de\/index.php?rest_route=%2Fwp%2Fv2%2Fcategories&post=5008"},{"taxonomy":"post_tag","embeddable":true,"href":"https:\/\/turm-lahnstein.de\/index.php?rest_route=%2Fwp%2Fv2%2Ftags&post=5008"}],"curies":[{"name":"wp","href":"https:\/\/api.w.org\/{rel}","templated":true}]}}