{"id":4925,"date":"2020-02-06T13:04:35","date_gmt":"2020-02-06T13:04:35","guid":{"rendered":"http:\/\/turm-lahnstein.de\/?p=4925"},"modified":"2020-02-24T21:15:07","modified_gmt":"2020-02-24T21:15:07","slug":"pressebericht-die-vereinsmeisterschaft-hat-begonnen","status":"publish","type":"post","link":"https:\/\/turm-lahnstein.de\/?p=4925","title":{"rendered":"Pressebericht: Die Vereinsmeisterschaft hat begonnen"},"content":{"rendered":"<p><img loading=\"lazy\" decoding=\"async\" width=\"254\" height=\"248\" class=\"alignright size-full wp-image-68\" src=\"https:\/\/turm-lahnstein.de\/wp-content\/uploads\/2012\/09\/friedhelm_col.jpg\" alt=\"\"> Die vom Schachverein Turm Lahnstein ausgerichtete Stadt- und Vereinsmeisterschaft ist mit siebzehn Teilnehmern angelaufen. Die Altersspanne zwischen dem J\u00fcngsten und dem \u00c4ltesten  umfasst siebzig Jahre, eine Konstellation, die fast nur im Schachsport denkbar ist.<br \/>\n<!--more--><br \/>\nIm Teilnehmerfeld sind zwar die Erwachsenen gegen\u00fcber den Jugendlichen in der \u00dcberzahl, aber schon nach zwei Runden zeigt sich, dass die Jugendlichen mehr als munter mitspielen. Die einzigen Spieler, die beide bisherigen Partien gewannen und damit das F\u00fchrungsduo bilden, hei\u00dfen Lasse Werling und David Meuer und sind jeweils zw\u00f6lf Jahre alt!  Auf den Verlauf der kommenden f\u00fcnf Runden k\u00f6nnen alle gespannt sein.<\/p>\n","protected":false},"excerpt":{"rendered":"<p>Die vom Schachverein Turm Lahnstein ausgerichtete Stadt- und Vereinsmeisterschaft ist mit siebzehn Teilnehmern angelaufen. Die Altersspanne zwischen dem J\u00fcngsten und dem \u00c4ltesten umfasst siebzig Jahre, eine Konstellation, die fast nur [&hellip;]<\/p>\n","protected":false},"author":4,"featured_media":0,"comment_status":"open","ping_status":"open","sticky":false,"template":"","format":"standard","meta":{"footnotes":""},"categories":[1],"tags":[],"_links":{"self":[{"href":"https:\/\/turm-lahnstein.de\/index.php?rest_route=\/wp\/v2\/posts\/4925"}],"collection":[{"href":"https:\/\/turm-lahnstein.de\/index.php?rest_route=\/wp\/v2\/posts"}],"about":[{"href":"https:\/\/turm-lahnstein.de\/index.php?rest_route=\/wp\/v2\/types\/post"}],"author":[{"embeddable":true,"href":"https:\/\/turm-lahnstein.de\/index.php?rest_route=\/wp\/v2\/users\/4"}],"replies":[{"embeddable":true,"href":"https:\/\/turm-lahnstein.de\/index.php?rest_route=%2Fwp%2Fv2%2Fcomments&post=4925"}],"version-history":[{"count":3,"href":"https:\/\/turm-lahnstein.de\/index.php?rest_route=\/wp\/v2\/posts\/4925\/revisions"}],"predecessor-version":[{"id":4986,"href":"https:\/\/turm-lahnstein.de\/index.php?rest_route=\/wp\/v2\/posts\/4925\/revisions\/4986"}],"wp:attachment":[{"href":"https:\/\/turm-lahnstein.de\/index.php?rest_route=%2Fwp%2Fv2%2Fmedia&parent=4925"}],"wp:term":[{"taxonomy":"category","embeddable":true,"href":"https:\/\/turm-lahnstein.de\/index.php?rest_route=%2Fwp%2Fv2%2Fcategories&post=4925"},{"taxonomy":"post_tag","embeddable":true,"href":"https:\/\/turm-lahnstein.de\/index.php?rest_route=%2Fwp%2Fv2%2Ftags&post=4925"}],"curies":[{"name":"wp","href":"https:\/\/api.w.org\/{rel}","templated":true}]}}